{"id":588,"date":"2026-03-11T16:35:04","date_gmt":"2026-03-11T19:35:04","guid":{"rendered":"https:\/\/www.ct.ufpb.br\/ppgeps\/?p=588"},"modified":"2026-03-11T16:35:39","modified_gmt":"2026-03-11T19:35:39","slug":"ppgeps-realiza-recepcao-para-ingressantes-da-turma-2026","status":"publish","type":"post","link":"https:\/\/www.ct.ufpb.br\/ppgeps\/eventos\/ppgeps-realiza-recepcao-para-ingressantes-da-turma-2026\/","title":{"rendered":"PPGEPS realiza recep\u00e7\u00e3o para ingressantes da turma 2026"},"content":{"rendered":"\n<p><\/p>\n\n\n\n<p>O Programa de P\u00f3s-Gradua\u00e7\u00e3o em Engenharia de Produ\u00e7\u00e3o e Sistemas (PPGEPS\/UFPB) promover\u00e1, no pr\u00f3ximo dia <strong>16 de mar\u00e7o de 2026<\/strong>, \u00e0s <strong>17h30<\/strong>, a <strong>Recep\u00e7\u00e3o dos Ingressantes do PPGEPS 2026<\/strong>. O encontro acontecer\u00e1 no <strong>Audit\u00f3rio Antonio Souto Coutinho<\/strong>, localizado no <strong>Departamento de Engenharia de Produ\u00e7\u00e3o (DEP) da UFPB<\/strong>.<\/p>\n\n\n\n<figure class=\"wp-block-image size-large\"><img loading=\"lazy\" decoding=\"async\" width=\"1024\" height=\"1024\" src=\"https:\/\/www.ct.ufpb.br\/ppgeps\/wp-content\/uploads\/sites\/107\/sites\/322\/2026\/03\/Recepcao-discente-2026-1024x1024.jpeg\" alt=\"\" class=\"wp-image-589\" srcset=\"https:\/\/www.ct.ufpb.br\/ppgeps\/wp-content\/uploads\/sites\/107\/sites\/322\/2026\/03\/Recepcao-discente-2026-1024x1024.jpeg 1024w, https:\/\/www.ct.ufpb.br\/ppgeps\/wp-content\/uploads\/sites\/107\/sites\/322\/2026\/03\/Recepcao-discente-2026-300x300.jpeg 300w, https:\/\/www.ct.ufpb.br\/ppgeps\/wp-content\/uploads\/sites\/107\/sites\/322\/2026\/03\/Recepcao-discente-2026-150x150.jpeg 150w, https:\/\/www.ct.ufpb.br\/ppgeps\/wp-content\/uploads\/sites\/107\/sites\/322\/2026\/03\/Recepcao-discente-2026-768x768.jpeg 768w, https:\/\/www.ct.ufpb.br\/ppgeps\/wp-content\/uploads\/sites\/107\/sites\/322\/2026\/03\/Recepcao-discente-2026.jpeg 1280w\" sizes=\"auto, (max-width: 1024px) 100vw, 1024px\" \/><\/figure>\n\n\n\n<p><\/p>\n\n\n\n<p>O evento tem como objetivo <strong>dar as boas-vindas aos novos discentes<\/strong>, apresentar informa\u00e7\u00f5es iniciais sobre o funcionamento do programa e promover um momento de integra\u00e7\u00e3o entre os membros da comunidade acad\u00eamica.<\/p>\n\n\n\n<p>Al\u00e9m dos estudantes ingressantes, <strong>o convite \u00e9 estendido aos discentes veteranos, alunos especiais, egressos e docentes do programa<\/strong>, fortalecendo o esp\u00edrito de colabora\u00e7\u00e3o e pertencimento que caracteriza o PPGEPS.<\/p>\n\n\n\n<p>A recep\u00e7\u00e3o ser\u00e1 uma oportunidade para conhecer melhor o programa, trocar experi\u00eancias e iniciar o semestre letivo em um ambiente de acolhimento e di\u00e1logo.<\/p>\n\n\n\n<p>\ud83d\udcc5 <strong>Data:<\/strong> 16 de mar\u00e7o de 2026<br>\ud83d\udd52 <strong>Hor\u00e1rio:<\/strong> 17h30<br>\ud83d\udccd <strong>Local:<\/strong> Audit\u00f3rio Antonio Souto Coutinho \u2013 DEP\/UFPB<\/p>\n\n\n\n<p><strong>Contamos com a presen\u00e7a de todos(as) para celebrar o in\u00edcio de mais um ciclo acad\u00eamico no PPGEPS.<\/strong><\/p>\n","protected":false},"excerpt":{"rendered":"<p>O Programa de P\u00f3s-Gradua\u00e7\u00e3o em Engenharia de Produ\u00e7\u00e3o e Sistemas (PPGEPS\/UFPB) promover\u00e1, no pr\u00f3ximo dia [&hellip;]<\/p>\n","protected":false},"author":326,"featured_media":589,"comment_status":"open","ping_status":"open","sticky":false,"template":"","format":"standard","meta":{"footnotes":""},"categories":[7],"tags":[],"class_list":["post-588","post","type-post","status-publish","format-standard","has-post-thumbnail","hentry","category-eventos"],"_links":{"self":[{"href":"https:\/\/www.ct.ufpb.br\/ppgeps\/wp-json\/wp\/v2\/posts\/588","targetHints":{"allow":["GET"]}}],"collection":[{"href":"https:\/\/www.ct.ufpb.br\/ppgeps\/wp-json\/wp\/v2\/posts"}],"about":[{"href":"https:\/\/www.ct.ufpb.br\/ppgeps\/wp-json\/wp\/v2\/types\/post"}],"author":[{"embeddable":true,"href":"https:\/\/www.ct.ufpb.br\/ppgeps\/wp-json\/wp\/v2\/users\/326"}],"replies":[{"embeddable":true,"href":"https:\/\/www.ct.ufpb.br\/ppgeps\/wp-json\/wp\/v2\/comments?post=588"}],"version-history":[{"count":1,"href":"https:\/\/www.ct.ufpb.br\/ppgeps\/wp-json\/wp\/v2\/posts\/588\/revisions"}],"predecessor-version":[{"id":590,"href":"https:\/\/www.ct.ufpb.br\/ppgeps\/wp-json\/wp\/v2\/posts\/588\/revisions\/590"}],"wp:featuredmedia":[{"embeddable":true,"href":"https:\/\/www.ct.ufpb.br\/ppgeps\/wp-json\/wp\/v2\/media\/589"}],"wp:attachment":[{"href":"https:\/\/www.ct.ufpb.br\/ppgeps\/wp-json\/wp\/v2\/media?parent=588"}],"wp:term":[{"taxonomy":"category","embeddable":true,"href":"https:\/\/www.ct.ufpb.br\/ppgeps\/wp-json\/wp\/v2\/categories?post=588"},{"taxonomy":"post_tag","embeddable":true,"href":"https:\/\/www.ct.ufpb.br\/ppgeps\/wp-json\/wp\/v2\/tags?post=588"}],"curies":[{"name":"wp","href":"https:\/\/api.w.org\/{rel}","templated":true}]}}