{"id":473,"date":"2025-12-15T18:57:03","date_gmt":"2025-12-15T21:57:03","guid":{"rendered":"https:\/\/www.ct.ufpb.br\/ppgeps\/?p=473"},"modified":"2025-12-16T18:12:47","modified_gmt":"2025-12-16T21:12:47","slug":"resultado-final-da-analise-curricular","status":"publish","type":"post","link":"https:\/\/www.ct.ufpb.br\/ppgeps\/processo-seletivo\/resultado-final-da-analise-curricular\/","title":{"rendered":"Resultado final da an\u00e1lise curricular"},"content":{"rendered":"\n<figure class=\"wp-block-image size-full\"><img loading=\"lazy\" decoding=\"async\" width=\"750\" height=\"423\" src=\"http:\/\/www.ct.ufpb.br\/ppgeps\/wp-content\/uploads\/sites\/107\/sites\/322\/2025\/11\/3215447.jpg\" alt=\"\" class=\"wp-image-287\" srcset=\"https:\/\/www.ct.ufpb.br\/ppgeps\/wp-content\/uploads\/sites\/107\/sites\/322\/2025\/11\/3215447.jpg 750w, https:\/\/www.ct.ufpb.br\/ppgeps\/wp-content\/uploads\/sites\/107\/sites\/322\/2025\/11\/3215447-300x169.jpg 300w\" sizes=\"auto, (max-width: 750px) 100vw, 750px\" \/><\/figure>\n\n\n\n<p><\/p>\n\n\n\n<p>O Programa de P\u00f3s-Gradua\u00e7\u00e3o em Engenharia de Produ\u00e7\u00e3o e Sistemas (PPGEPS\/CT\/UFPB) torna p\u00fablico o\u00a0<strong>Resultado final da an\u00e1lise curricular<\/strong>\u00a0do Processo Seletivo regido pelo\u00a0<strong>Edital n\u00ba 03\/2025<\/strong>, referente ao ingresso no ano de 2026.<br><br>Consulte aqui o\u00a0<a href=\"http:\/\/www.ct.ufpb.br\/ppgeps\/wp-content\/uploads\/sites\/107\/sites\/322\/2025\/12\/Resultado-final-Analise-Curricular-Edital-032025.pdf\" data-type=\"link\" data-id=\"http:\/\/www.ct.ufpb.br\/ppgeps\/wp-content\/uploads\/sites\/107\/sites\/322\/2025\/12\/Resultado-final-Analise-Curricular-Edital-032025.pdf\">Resultado final da an\u00e1lise curricular.<\/a><\/p>\n\n\n\n<p>Os demais documentos sobre o certame estar\u00e3o publicados na se\u00e7\u00e3o&nbsp;<a href=\"https:\/\/www.ct.ufpb.br\/ppgeps\/processo-seletivo\/\">Processo Seletivo<\/a>.<\/p>\n\n\n\n<p>O processo seletivo seguir\u00e1 o cronograma previsto no edital. Recomenda-se que os(as) candidatos(as) acompanhem regularmente o site do PPGEPS para futuras atualiza\u00e7\u00f5es e orienta\u00e7\u00f5es referentes ao andamento da sele\u00e7\u00e3o.<\/p>\n\n\n\n<p>Para mais informa\u00e7\u00f5es, d\u00favidas ou esclarecimentos, entre em contato pelo e-mail institucional do programa (ppgeps.ufpb@gmail.com).<\/p>\n","protected":false},"excerpt":{"rendered":"<p>O Programa de P\u00f3s-Gradua\u00e7\u00e3o em Engenharia de Produ\u00e7\u00e3o e Sistemas (PPGEPS\/CT\/UFPB) torna p\u00fablico o\u00a0Resultado final [&hellip;]<\/p>\n","protected":false},"author":326,"featured_media":287,"comment_status":"open","ping_status":"open","sticky":false,"template":"","format":"standard","meta":{"footnotes":""},"categories":[6],"tags":[],"class_list":["post-473","post","type-post","status-publish","format-standard","has-post-thumbnail","hentry","category-processo-seletivo"],"_links":{"self":[{"href":"https:\/\/www.ct.ufpb.br\/ppgeps\/wp-json\/wp\/v2\/posts\/473","targetHints":{"allow":["GET"]}}],"collection":[{"href":"https:\/\/www.ct.ufpb.br\/ppgeps\/wp-json\/wp\/v2\/posts"}],"about":[{"href":"https:\/\/www.ct.ufpb.br\/ppgeps\/wp-json\/wp\/v2\/types\/post"}],"author":[{"embeddable":true,"href":"https:\/\/www.ct.ufpb.br\/ppgeps\/wp-json\/wp\/v2\/users\/326"}],"replies":[{"embeddable":true,"href":"https:\/\/www.ct.ufpb.br\/ppgeps\/wp-json\/wp\/v2\/comments?post=473"}],"version-history":[{"count":1,"href":"https:\/\/www.ct.ufpb.br\/ppgeps\/wp-json\/wp\/v2\/posts\/473\/revisions"}],"predecessor-version":[{"id":475,"href":"https:\/\/www.ct.ufpb.br\/ppgeps\/wp-json\/wp\/v2\/posts\/473\/revisions\/475"}],"wp:featuredmedia":[{"embeddable":true,"href":"https:\/\/www.ct.ufpb.br\/ppgeps\/wp-json\/wp\/v2\/media\/287"}],"wp:attachment":[{"href":"https:\/\/www.ct.ufpb.br\/ppgeps\/wp-json\/wp\/v2\/media?parent=473"}],"wp:term":[{"taxonomy":"category","embeddable":true,"href":"https:\/\/www.ct.ufpb.br\/ppgeps\/wp-json\/wp\/v2\/categories?post=473"},{"taxonomy":"post_tag","embeddable":true,"href":"https:\/\/www.ct.ufpb.br\/ppgeps\/wp-json\/wp\/v2\/tags?post=473"}],"curies":[{"name":"wp","href":"https:\/\/api.w.org\/{rel}","templated":true}]}}