{"id":511,"date":"2024-10-11T15:46:40","date_gmt":"2024-10-11T18:46:40","guid":{"rendered":"https:\/\/www.ct.ufpb.br\/ppgem\/?p=511"},"modified":"2024-10-11T15:49:12","modified_gmt":"2024-10-11T18:49:12","slug":"solicitacoes-de-recursos-do-proap-passam-a-contar-com-e-mail-exclusivo-no-ppgem","status":"publish","type":"post","link":"https:\/\/www.ct.ufpb.br\/ppgem\/solicitacoes-de-recursos-do-proap-passam-a-contar-com-e-mail-exclusivo-no-ppgem\/","title":{"rendered":"Solicita\u00e7\u00f5es de recursos do PROAP passam a contar com e-mail exclusivo no PPGEM"},"content":{"rendered":"\n<p>De modo a trazer melhor efici\u00eancia para os procedimentos administrativos do Programa e atendimento \u00e0s solicita\u00e7\u00f5es de custeio de despesas com recursos do PROAP &#8211; Programa de Apoio \u00e0 P\u00f3s-Gradua\u00e7\u00e3o, o PPGEM agora disp\u00f5e de e-mail exclusivo para este fim. Com a publica\u00e7\u00e3o da <a href=\"https:\/\/sig-arq.ufpb.br\/arquivos\/2024142120279e6905390d89ccb7563ec\/PORTARIA_2024-8_PROAP.pdf\" target=\"_blank\" rel=\"noreferrer noopener\">Portaria N\u00ba 8\/2024\/PPGEM\/CT<\/a>, todos os pedidos de docentes, pesquisadores e discentes concernentes a pagamento de taxas de publica\u00e7\u00f5es cient\u00edficas, inscri\u00e7\u00f5es em eventos, di\u00e1rias e passagens, bem como a documenta\u00e7\u00e3o associada, dever\u00e3o ser encaminhados exclusivamente ao e-mail: <strong>proap.ppgem.ufpb@gmail.com<\/strong>.<\/p>\n\n\n\n<p>Atrav\u00e9s deste e-mail, os seguintes servi\u00e7os ser\u00e3o prestados:<\/p>\n\n\n\n<ul class=\"wp-block-list\">\n<li>Consulta espor\u00e1dica sobre disponibilidade or\u00e7ament\u00e1ria para pagamento de despesas de custeio;<\/li>\n\n\n\n<li>Solicita\u00e7\u00f5es para pagamento de despesas de custeio;<\/li>\n\n\n\n<li>Aux\u00edlio para preenchimento e recebimento da documenta\u00e7\u00e3o associada; <\/li>\n\n\n\n<li>Encaminhamento de documentos para presta\u00e7\u00e3o de contas de despesas realizadas.<\/li>\n<\/ul>\n\n\n\n<p>Na portaria encontram-se as orienta\u00e7\u00f5es para a devida instru\u00e7\u00e3o dos processos para cada um dos elementos das despesas por ela disciplinados. <\/p>\n\n\n\n<p><strong>Aten\u00e7\u00e3o:<\/strong> lembre-se que o custeio de despesas por meio do PROAP \u00e9 permitido apenas durante uma janela temporal limitada a cada ano e geralmente encerra-se nos meses de setembro ou outubro. Antes de realizar solicita\u00e7\u00f5es, consulte a disponibilidade de recursos atrav\u00e9s do e-mail acima.<\/p>\n","protected":false},"excerpt":{"rendered":"<p>De modo a trazer melhor efici\u00eancia para os procedimentos administrativos do Programa e atendimento \u00e0s [&hellip;]<\/p>\n","protected":false},"author":90,"featured_media":0,"comment_status":"closed","ping_status":"open","sticky":false,"template":"","format":"standard","meta":{"footnotes":""},"categories":[6],"tags":[24,23,22],"class_list":["post-511","post","type-post","status-publish","format-standard","hentry","category-noticias","tag-auxilio","tag-custeio","tag-proap"],"_links":{"self":[{"href":"https:\/\/www.ct.ufpb.br\/ppgem\/wp-json\/wp\/v2\/posts\/511","targetHints":{"allow":["GET"]}}],"collection":[{"href":"https:\/\/www.ct.ufpb.br\/ppgem\/wp-json\/wp\/v2\/posts"}],"about":[{"href":"https:\/\/www.ct.ufpb.br\/ppgem\/wp-json\/wp\/v2\/types\/post"}],"author":[{"embeddable":true,"href":"https:\/\/www.ct.ufpb.br\/ppgem\/wp-json\/wp\/v2\/users\/90"}],"replies":[{"embeddable":true,"href":"https:\/\/www.ct.ufpb.br\/ppgem\/wp-json\/wp\/v2\/comments?post=511"}],"version-history":[{"count":3,"href":"https:\/\/www.ct.ufpb.br\/ppgem\/wp-json\/wp\/v2\/posts\/511\/revisions"}],"predecessor-version":[{"id":515,"href":"https:\/\/www.ct.ufpb.br\/ppgem\/wp-json\/wp\/v2\/posts\/511\/revisions\/515"}],"wp:attachment":[{"href":"https:\/\/www.ct.ufpb.br\/ppgem\/wp-json\/wp\/v2\/media?parent=511"}],"wp:term":[{"taxonomy":"category","embeddable":true,"href":"https:\/\/www.ct.ufpb.br\/ppgem\/wp-json\/wp\/v2\/categories?post=511"},{"taxonomy":"post_tag","embeddable":true,"href":"https:\/\/www.ct.ufpb.br\/ppgem\/wp-json\/wp\/v2\/tags?post=511"}],"curies":[{"name":"wp","href":"https:\/\/api.w.org\/{rel}","templated":true}]}}