{"id":377,"date":"2024-08-02T02:50:45","date_gmt":"2024-08-02T05:50:45","guid":{"rendered":"https:\/\/www.ct.ufpb.br\/ppgem\/?p=377"},"modified":"2024-08-16T11:17:06","modified_gmt":"2024-08-16T14:17:06","slug":"ppgem-divulga-o-calendario-academico-2024-02","status":"publish","type":"post","link":"https:\/\/www.ct.ufpb.br\/ppgem\/ppgem-divulga-o-calendario-academico-2024-02\/","title":{"rendered":"PPGEM divulga calend\u00e1rio acad\u00eamico e oferta de disciplinas para o semestre 2024\/02"},"content":{"rendered":"\n<p>Confira abaixo os principais eventos do calend\u00e1rio acad\u00eamico para o novo semestre: <\/p>\n\n\n\n<ul class=\"wp-block-list\">\n<li>Matr\u00edcula: 06\/08 a 09\/08<\/li>\n\n\n\n<li>Per\u00edodo de aulas: 12\/08 a 13\/12<\/li>\n<\/ul>\n\n\n\n<p>Acesse o documento na \u00edntegra clicando <a href=\"https:\/\/sig-arq.ufpb.br\/arquivos\/2024219185897d6687685db250587b95c\/Calendrio_PPGEM_2024.2.pdf\" target=\"_blank\" rel=\"noreferrer noopener\">aqui<\/a>.<\/p>\n\n\n\n<h2 class=\"wp-block-heading\"><div class=\"linha-header\">Orienta\u00e7\u00f5es para matr\u00edcula<\/div><\/h2>\n\n\n\n<p>A secretaria possui protocolos distintos para discentes ingressantes e veteranos. Oriente-se pelos documentos abaixo:<\/p>\n\n\n\n<ul class=\"wp-block-list\">\n<li><a href=\"https:\/\/sigaa.ufpb.br\/sigaa\/public\/programa\/noticias_desc.jsf?lc=pt_BR&amp;id=1870&amp;noticia=370770099\" target=\"_blank\" rel=\"noreferrer noopener\">Protocolo de matr\u00edcula &#8211; Ingressantes<\/a><\/li>\n\n\n\n<li><a href=\"https:\/\/sigaa.ufpb.br\/sigaa\/public\/programa\/noticias_desc.jsf?lc=lc=pt_BR&amp;id=1870&amp;noticia=370770098\" target=\"_blank\" rel=\"noreferrer noopener\">Protocolo de matr\u00edcula &#8211; Veteranos<\/a><\/li>\n<\/ul>\n\n\n\n<h2 class=\"wp-block-heading\"><div class=\"linha-header\">Disciplinas ofertadas<\/div><\/h2>\n\n\n\n<p>Confira o quadro de disciplinas que ser\u00e3o ofertadas no semestre clicando <a href=\"https:\/\/sig-arq.ufpb.br\/arquivos\/20240401985a06669093769495eba684b\/Quadro_de_Disciplinas_2024.2.pdf\" target=\"_blank\" rel=\"noreferrer noopener\">aqui<\/a>.<\/p>\n","protected":false},"excerpt":{"rendered":"<p>Confira abaixo os principais eventos do calend\u00e1rio acad\u00eamico para o novo semestre: Acesse o documento [&hellip;]<\/p>\n","protected":false},"author":90,"featured_media":378,"comment_status":"closed","ping_status":"open","sticky":false,"template":"","format":"standard","meta":{"footnotes":""},"categories":[10],"tags":[14,15],"class_list":["post-377","post","type-post","status-publish","format-standard","has-post-thumbnail","hentry","category-admissao","tag-matricula","tag-semestre-2024-2"],"_links":{"self":[{"href":"https:\/\/www.ct.ufpb.br\/ppgem\/wp-json\/wp\/v2\/posts\/377","targetHints":{"allow":["GET"]}}],"collection":[{"href":"https:\/\/www.ct.ufpb.br\/ppgem\/wp-json\/wp\/v2\/posts"}],"about":[{"href":"https:\/\/www.ct.ufpb.br\/ppgem\/wp-json\/wp\/v2\/types\/post"}],"author":[{"embeddable":true,"href":"https:\/\/www.ct.ufpb.br\/ppgem\/wp-json\/wp\/v2\/users\/90"}],"replies":[{"embeddable":true,"href":"https:\/\/www.ct.ufpb.br\/ppgem\/wp-json\/wp\/v2\/comments?post=377"}],"version-history":[{"count":5,"href":"https:\/\/www.ct.ufpb.br\/ppgem\/wp-json\/wp\/v2\/posts\/377\/revisions"}],"predecessor-version":[{"id":413,"href":"https:\/\/www.ct.ufpb.br\/ppgem\/wp-json\/wp\/v2\/posts\/377\/revisions\/413"}],"wp:featuredmedia":[{"embeddable":true,"href":"https:\/\/www.ct.ufpb.br\/ppgem\/wp-json\/wp\/v2\/media\/378"}],"wp:attachment":[{"href":"https:\/\/www.ct.ufpb.br\/ppgem\/wp-json\/wp\/v2\/media?parent=377"}],"wp:term":[{"taxonomy":"category","embeddable":true,"href":"https:\/\/www.ct.ufpb.br\/ppgem\/wp-json\/wp\/v2\/categories?post=377"},{"taxonomy":"post_tag","embeddable":true,"href":"https:\/\/www.ct.ufpb.br\/ppgem\/wp-json\/wp\/v2\/tags?post=377"}],"curies":[{"name":"wp","href":"https:\/\/api.w.org\/{rel}","templated":true}]}}