{"id":314,"date":"2024-06-24T23:06:11","date_gmt":"2024-06-25T02:06:11","guid":{"rendered":"https:\/\/www.ct.ufpb.br\/ppgem\/?p=314"},"modified":"2024-06-24T23:06:11","modified_gmt":"2024-06-25T02:06:11","slug":"lancado-edital-interno-para-cadastro-de-reserva-de-bolsas","status":"publish","type":"post","link":"https:\/\/www.ct.ufpb.br\/ppgem\/lancado-edital-interno-para-cadastro-de-reserva-de-bolsas\/","title":{"rendered":"Lan\u00e7ado edital interno para cadastro de reserva de bolsas"},"content":{"rendered":"\n<p>Com melhorias em rela\u00e7\u00e3o ao edital anterior, este novo edital abrange o rol de pontua\u00e7\u00e3o para produ\u00e7\u00e3o tecnol\u00f3gica e corrige itens relativos \u00e0 documenta\u00e7\u00e3o. As inscri\u00e7\u00f5es ser\u00e3o de 01 a 05\/07\/2024.<\/p>\n\n\n\n<p>Confira o texto do edital na \u00edntegra clicando <a href=\"https:\/\/sig-arq.ufpb.br\/arquivos\/2024255048146565625256bf5397044fe\/Edital_-_Cadastro_de_Reserva.pdf\" target=\"_blank\" rel=\"noreferrer noopener\">aqui<\/a>.<\/p>\n\n\n\n<blockquote class=\"wp-block-quote is-layout-flow wp-block-quote-is-layout-flow\">\n<p><strong>Nota:<\/strong> alunos que se inscreveram no edital anterior podem reenviar o mesmo e-mail da inscri\u00e7\u00e3o antiga anexando os documentos complementares solicitados por este edital. <\/p>\n<\/blockquote>\n\n\n\n<h2 class=\"wp-block-heading\"><div class=\"linha-header\">Cronograma<\/div><\/h2>\n\n\n\n<p>O cronograma do edital est\u00e1 reproduzido abaixo.<\/p>\n\n\n\n<figure class=\"wp-block-table is-style-stripes\"><table><thead><tr><th><strong>Evento<\/strong><\/th><th><strong>Data\/Per\u00edodo<\/strong><\/th><\/tr><\/thead><tbody><tr><td>Divulga\u00e7\u00e3o do Edital<\/td><td>24\/06\/2024<\/td><\/tr><tr><td>Per\u00edodo de inscri\u00e7\u00f5es<\/td><td>01\/07\/2024 a 05\/07\/2024<\/td><\/tr><tr><td>Divulga\u00e7\u00e3o do resultado da homologa\u00e7\u00e3o das inscri\u00e7\u00f5es<\/td><td>08\/07\/2024<\/td><\/tr><tr><td>Prazo para solicita\u00e7\u00e3o de reconsidera\u00e7\u00e3o do resultado da <br>homologa\u00e7\u00e3o das inscri\u00e7\u00f5es<\/td><td>09\/07\/2024<\/td><\/tr><tr><td>Divulga\u00e7\u00e3o das respostas aos pedidos de reconsidera\u00e7\u00e3o <br>da homologa\u00e7\u00e3o das inscri\u00e7\u00f5es<\/td><td>11\/07\/2024<\/td><\/tr><tr><td>An\u00e1lise de curr\u00edculos<\/td><td>15\/07\/2024 a 19\/07\/2024<\/td><\/tr><tr><td>Divulga\u00e7\u00e3o de resultado preliminar da an\u00e1lise de curr\u00edculos<\/td><td>22\/07\/2024<\/td><\/tr><tr><td>Prazo para solicita\u00e7\u00e3o de reconsidera\u00e7\u00e3o do resultado preliminar <br>da an\u00e1lise de curr\u00edculos<\/td><td>23\/07\/2024<\/td><\/tr><tr><td>Divulga\u00e7\u00e3o do resultado das solicita\u00e7\u00f5es de reconsidera\u00e7\u00e3o dos <br>resultados da apresenta\u00e7\u00e3o\/argui\u00e7\u00e3o do projeto de pesquisa e an\u00e1lise de curr\u00edculos<\/td><td>25\/07\/2024<\/td><\/tr><tr><td>Divulga\u00e7\u00e3o preliminar do resultado final do processo seletivo<\/td><td>26\/07\/2024<\/td><\/tr><tr><td>Prazo para interposi\u00e7\u00e3o de recursos<\/td><td>29\/07\/2024<\/td><\/tr><tr><td>Divulga\u00e7\u00e3o do resultado final<\/td><td>02\/08\/2024<\/td><\/tr><\/tbody><\/table><\/figure>\n","protected":false},"excerpt":{"rendered":"<p>Com melhorias em rela\u00e7\u00e3o ao edital anterior, este novo edital abrange o rol de pontua\u00e7\u00e3o [&hellip;]<\/p>\n","protected":false},"author":90,"featured_media":315,"comment_status":"closed","ping_status":"closed","sticky":false,"template":"","format":"standard","meta":{"footnotes":""},"categories":[9],"tags":[13,12],"class_list":["post-314","post","type-post","status-publish","format-standard","has-post-thumbnail","hentry","category-editais","tag-bolsas","tag-cadastro-de-reserva"],"_links":{"self":[{"href":"https:\/\/www.ct.ufpb.br\/ppgem\/wp-json\/wp\/v2\/posts\/314","targetHints":{"allow":["GET"]}}],"collection":[{"href":"https:\/\/www.ct.ufpb.br\/ppgem\/wp-json\/wp\/v2\/posts"}],"about":[{"href":"https:\/\/www.ct.ufpb.br\/ppgem\/wp-json\/wp\/v2\/types\/post"}],"author":[{"embeddable":true,"href":"https:\/\/www.ct.ufpb.br\/ppgem\/wp-json\/wp\/v2\/users\/90"}],"replies":[{"embeddable":true,"href":"https:\/\/www.ct.ufpb.br\/ppgem\/wp-json\/wp\/v2\/comments?post=314"}],"version-history":[{"count":3,"href":"https:\/\/www.ct.ufpb.br\/ppgem\/wp-json\/wp\/v2\/posts\/314\/revisions"}],"predecessor-version":[{"id":318,"href":"https:\/\/www.ct.ufpb.br\/ppgem\/wp-json\/wp\/v2\/posts\/314\/revisions\/318"}],"wp:featuredmedia":[{"embeddable":true,"href":"https:\/\/www.ct.ufpb.br\/ppgem\/wp-json\/wp\/v2\/media\/315"}],"wp:attachment":[{"href":"https:\/\/www.ct.ufpb.br\/ppgem\/wp-json\/wp\/v2\/media?parent=314"}],"wp:term":[{"taxonomy":"category","embeddable":true,"href":"https:\/\/www.ct.ufpb.br\/ppgem\/wp-json\/wp\/v2\/categories?post=314"},{"taxonomy":"post_tag","embeddable":true,"href":"https:\/\/www.ct.ufpb.br\/ppgem\/wp-json\/wp\/v2\/tags?post=314"}],"curies":[{"name":"wp","href":"https:\/\/api.w.org\/{rel}","templated":true}]}}