{"id":295,"date":"2024-06-11T14:00:08","date_gmt":"2024-06-11T17:00:08","guid":{"rendered":"https:\/\/www.ct.ufpb.br\/ppgem\/?p=295"},"modified":"2024-06-11T14:00:08","modified_gmt":"2024-06-11T17:00:08","slug":"ppgem-participa-de-evento-nordesteon-para-divulgar-pesquisas-e-estabelecer-novas-parcerias","status":"publish","type":"post","link":"https:\/\/www.ct.ufpb.br\/ppgem\/ppgem-participa-de-evento-nordesteon-para-divulgar-pesquisas-e-estabelecer-novas-parcerias\/","title":{"rendered":"PPGEM participa de evento NordesteON para divulgar pesquisas e estabelecer novas parcerias"},"content":{"rendered":"\n<p>O PPGEM anuncia com entusiasmo sua participa\u00e7\u00e3o no <a href=\"http:\/\/www.nordesteon.com\/\" target=\"_blank\" rel=\"noreferrer noopener\">NordesteON<\/a> (NEON), um dos mais importantes eventos de inova\u00e7\u00e3o e tecnologia da regi\u00e3o Nordeste, ocorrido de 6 a 7 de junho de 2024. Realizado no Centro de Conven\u00e7\u00f5es de Jo\u00e3o Pessoa, o evento reuniu diversas empresas, startups, institui\u00e7\u00f5es de ensino e profissionais do setor de tecnologia.<\/p>\n\n\n\n<p>A participa\u00e7\u00e3o do nosso programa no NEON mirou o estabelecimento de parcerias estrat\u00e9gicas com empresas, visando fortalecer a colabora\u00e7\u00e3o em projetos de inova\u00e7\u00e3o e desenvolvimento tecnol\u00f3gico, bem como divulgar nosso trabalho. Al\u00e9m do coordenador, Prof. Gustavo Oliveira, comparecerem ao evento v\u00e1rios docentes do Programa, tais como Alisson Brito, Marcelo Cavalcanti e Mois\u00e9s Dantas.<\/p>\n\n\n\n<p>Destacamos o estande de divulga\u00e7\u00e3o da UFPB no pavilh\u00e3o de exposi\u00e7\u00f5es, organizado pela INOVA, cuja presidente, Profa. Kelly Gomes, tamb\u00e9m integra o PPGEM e os pain\u00e9is expostos pelo LENHS e o grupo de pesquisa do Prof. Heber Pimentel no estande vizinho da CAGEPA para mostrar um pouco de sua coopera\u00e7\u00e3o cient\u00edfica com a empresa.<\/p>\n\n\n\n<p>O NEON permitiu a troca de conhecimentos e experi\u00eancias, impulsionando a inova\u00e7\u00e3o e contribuindo para o desenvolvimento econ\u00f4mico e tecnol\u00f3gico da regi\u00e3o Nordeste. Esperamos, com essa participa\u00e7\u00e3o, estabelecer acordos de coopera\u00e7\u00e3o que beneficiem tanto nossos alunos quanto as empresas e institui\u00e7\u00f5es parceiras.<\/p>\n\n\n\n<figure class=\"wp-block-gallery has-nested-images columns-default is-cropped wp-block-gallery-1 is-layout-flex wp-block-gallery-is-layout-flex\">\n<figure class=\"wp-block-image size-large is-style-default\"><img loading=\"lazy\" decoding=\"async\" width=\"816\" height=\"1024\" data-id=\"296\" src=\"https:\/\/www.ct.ufpb.br\/ppgem\/wp-content\/uploads\/sites\/107\/sites\/147\/2024\/06\/IMG_3019-816x1024.jpg\" alt=\"\" class=\"wp-image-296\" srcset=\"https:\/\/www.ct.ufpb.br\/ppgem\/wp-content\/uploads\/sites\/107\/sites\/147\/2024\/06\/IMG_3019-816x1024.jpg 816w, https:\/\/www.ct.ufpb.br\/ppgem\/wp-content\/uploads\/sites\/107\/sites\/147\/2024\/06\/IMG_3019-239x300.jpg 239w, https:\/\/www.ct.ufpb.br\/ppgem\/wp-content\/uploads\/sites\/107\/sites\/147\/2024\/06\/IMG_3019-768x964.jpg 768w, https:\/\/www.ct.ufpb.br\/ppgem\/wp-content\/uploads\/sites\/107\/sites\/147\/2024\/06\/IMG_3019-1224x1536.jpg 1224w, https:\/\/www.ct.ufpb.br\/ppgem\/wp-content\/uploads\/sites\/107\/sites\/147\/2024\/06\/IMG_3019-1632x2048.jpg 1632w, https:\/\/www.ct.ufpb.br\/ppgem\/wp-content\/uploads\/sites\/107\/sites\/147\/2024\/06\/IMG_3019-scaled.jpg 2040w\" sizes=\"auto, (max-width: 816px) 100vw, 816px\" \/><figcaption class=\"wp-element-caption\">Estande INOVA\/UFPB<\/figcaption><\/figure>\n\n\n\n<figure class=\"wp-block-image size-large\"><img loading=\"lazy\" decoding=\"async\" width=\"768\" height=\"1024\" data-id=\"297\" src=\"https:\/\/www.ct.ufpb.br\/ppgem\/wp-content\/uploads\/sites\/107\/sites\/147\/2024\/06\/lenhs-768x1024.jpeg\" alt=\"\" class=\"wp-image-297\" srcset=\"https:\/\/www.ct.ufpb.br\/ppgem\/wp-content\/uploads\/sites\/107\/sites\/147\/2024\/06\/lenhs-768x1024.jpeg 768w, https:\/\/www.ct.ufpb.br\/ppgem\/wp-content\/uploads\/sites\/107\/sites\/147\/2024\/06\/lenhs-225x300.jpeg 225w, https:\/\/www.ct.ufpb.br\/ppgem\/wp-content\/uploads\/sites\/107\/sites\/147\/2024\/06\/lenhs-1152x1536.jpeg 1152w, https:\/\/www.ct.ufpb.br\/ppgem\/wp-content\/uploads\/sites\/107\/sites\/147\/2024\/06\/lenhs.jpeg 1200w\" sizes=\"auto, (max-width: 768px) 100vw, 768px\" \/><figcaption class=\"wp-element-caption\">Estande CAGEPA<\/figcaption><\/figure>\n\n\n\n<figure class=\"wp-block-image size-large\"><img loading=\"lazy\" decoding=\"async\" width=\"768\" height=\"1024\" data-id=\"298\" src=\"https:\/\/www.ct.ufpb.br\/ppgem\/wp-content\/uploads\/sites\/107\/sites\/147\/2024\/06\/tril-softcom-768x1024.jpeg\" alt=\"\" class=\"wp-image-298\" srcset=\"https:\/\/www.ct.ufpb.br\/ppgem\/wp-content\/uploads\/sites\/107\/sites\/147\/2024\/06\/tril-softcom-768x1024.jpeg 768w, https:\/\/www.ct.ufpb.br\/ppgem\/wp-content\/uploads\/sites\/107\/sites\/147\/2024\/06\/tril-softcom-225x300.jpeg 225w, https:\/\/www.ct.ufpb.br\/ppgem\/wp-content\/uploads\/sites\/107\/sites\/147\/2024\/06\/tril-softcom.jpeg 960w\" sizes=\"auto, (max-width: 768px) 100vw, 768px\" \/><figcaption class=\"wp-element-caption\">Estande SOFTCOM<\/figcaption><\/figure>\n<\/figure>\n\n\n\n<p><\/p>\n\n\n\n<p><\/p>\n","protected":false},"excerpt":{"rendered":"<p>O PPGEM anuncia com entusiasmo sua participa\u00e7\u00e3o no NordesteON (NEON), um dos mais importantes eventos [&hellip;]<\/p>\n","protected":false},"author":90,"featured_media":299,"comment_status":"closed","ping_status":"closed","sticky":false,"template":"","format":"standard","meta":{"footnotes":""},"categories":[7],"tags":[8],"class_list":["post-295","post","type-post","status-publish","format-standard","has-post-thumbnail","hentry","category-eventos","tag-neon-2024"],"_links":{"self":[{"href":"https:\/\/www.ct.ufpb.br\/ppgem\/wp-json\/wp\/v2\/posts\/295","targetHints":{"allow":["GET"]}}],"collection":[{"href":"https:\/\/www.ct.ufpb.br\/ppgem\/wp-json\/wp\/v2\/posts"}],"about":[{"href":"https:\/\/www.ct.ufpb.br\/ppgem\/wp-json\/wp\/v2\/types\/post"}],"author":[{"embeddable":true,"href":"https:\/\/www.ct.ufpb.br\/ppgem\/wp-json\/wp\/v2\/users\/90"}],"replies":[{"embeddable":true,"href":"https:\/\/www.ct.ufpb.br\/ppgem\/wp-json\/wp\/v2\/comments?post=295"}],"version-history":[{"count":1,"href":"https:\/\/www.ct.ufpb.br\/ppgem\/wp-json\/wp\/v2\/posts\/295\/revisions"}],"predecessor-version":[{"id":300,"href":"https:\/\/www.ct.ufpb.br\/ppgem\/wp-json\/wp\/v2\/posts\/295\/revisions\/300"}],"wp:featuredmedia":[{"embeddable":true,"href":"https:\/\/www.ct.ufpb.br\/ppgem\/wp-json\/wp\/v2\/media\/299"}],"wp:attachment":[{"href":"https:\/\/www.ct.ufpb.br\/ppgem\/wp-json\/wp\/v2\/media?parent=295"}],"wp:term":[{"taxonomy":"category","embeddable":true,"href":"https:\/\/www.ct.ufpb.br\/ppgem\/wp-json\/wp\/v2\/categories?post=295"},{"taxonomy":"post_tag","embeddable":true,"href":"https:\/\/www.ct.ufpb.br\/ppgem\/wp-json\/wp\/v2\/tags?post=295"}],"curies":[{"name":"wp","href":"https:\/\/api.w.org\/{rel}","templated":true}]}}