{"id":352,"date":"2026-08-11T10:39:42","date_gmt":"2026-08-11T13:39:42","guid":{"rendered":"https:\/\/www.ct.ufpb.br\/ppgecam\/?p=352"},"modified":"2026-08-11T10:46:38","modified_gmt":"2026-08-11T13:46:38","slug":"matriculas-2026-2","status":"publish","type":"post","link":"https:\/\/www.ct.ufpb.br\/ppgecam\/matriculas\/matriculas-2026-2\/","title":{"rendered":"Matr\u00edculas 2026.2"},"content":{"rendered":"\n<p class=\"wp-block-paragraph\">Prezados(as),&nbsp;<\/p>\n\n\n\n<p class=\"wp-block-paragraph\">Para se matricular em disciplinas, o aluno dever\u00e1 efetuar a matr\u00edcula diretamente do seu SIGAA.<\/p>\n\n\n\n<p class=\"wp-block-paragraph\">Ap\u00f3s a matr\u00edcula, caso ela n\u00e3o apare\u00e7a no hist\u00f3rico, solicitar ao orientador a homologa\u00e7\u00e3o no SIGAA.<\/p>\n\n\n\n<p class=\"wp-block-paragraph\">Para se matricular em disciplinas de outras \u00e1reas de concentra\u00e7\u00e3o ou outros cursos, lembramos a necessidade de formalizar o pedido de autoriza\u00e7\u00e3o pr\u00e9via. O modelo do requerimento pode ser encontrado no<a href=\"https:\/\/drive.google.com\/drive\/folders\/1buatFKpeh-oHBvAIUMrIUC2tUwqMIpGs?usp=sharing\"> link<\/a>.<\/p>\n\n\n\n<p class=\"wp-block-paragraph\">Para se matricular na atividade trabalho final, enviar a <a href=\"https:\/\/sigaa.ufpb.br\/sigaa\/public\/programa\/documentos.jsf?lc=pt_BR&amp;id=2619&amp;idTipo=4\">ficha<\/a> para matriculas.ppgecam@gmail.com. A ficha deve ser assinada pelo aluno e pelo orientador e a matr\u00edcula ser\u00e1 realizada pela secretaria.\u00a0<br>Lembramos que a matr\u00edcula em trabalho final s\u00f3 pode ser realizada ap\u00f3s a defesa do plano de tese ou de disserta\u00e7\u00e3o. <br><br>Para a matr\u00edcula em Est\u00e1gio Doc\u00eancia, Estudos Especiais ou Qualifica\u00e7\u00e3o, a indica\u00e7\u00e3o n\u00e3o deve ser feita na ficha de matr\u00edcula. Essas matr\u00edculas ocorrem por meio de solicita\u00e7\u00e3o ao coordenador ou ao colegiado, conforme aplic\u00e1vel, por meio de formul\u00e1rio espec\u00edfico. <br><br>Lembramos ainda que algumas disciplinas dispon\u00edveis para matr\u00edcula fazem parte da nova grade do Programa, conforme os termos da Resolu\u00e7\u00e3o CONSEPE n\u00ba 19\/2026. Os alunos cujo curr\u00edculo estiver associado \u00e0 Resolu\u00e7\u00e3o n\u00ba 08\/2022 que se matricularem nas novas disciplinas ou nas disciplinas reformuladas ter\u00e3o os respectivos componentes registrados como disciplinas extracurriculares, n\u00e3o sendo seus cr\u00e9ditos contabilizados automaticamente para integraliza\u00e7\u00e3o curricular.<\/p>\n\n\n\n<p class=\"wp-block-paragraph\">Posteriormente, caso tenham interesse em utilizar esses cr\u00e9ditos para integraliza\u00e7\u00e3o do curso, os alunos dever\u00e3o solicitar o aproveitamento das disciplinas, mediante requerimento pr\u00f3prio, que ser\u00e1 apreciado pela Coordena\u00e7\u00e3o do Programa, observados os crit\u00e9rios e limites estabelecidos na regulamenta\u00e7\u00e3o vigente. Conforme a Resolu\u00e7\u00e3o n\u00ba 05\/2018, o limite para aproveitamento de disciplinas extracurriculares \u00e9 de <strong>6 (seis) cr\u00e9ditos para o Mestrado e 9 (nove) cr\u00e9ditos para o Doutorado<\/strong>.<\/p>\n\n\n\n<p class=\"wp-block-paragraph\">Aos alunos que desejarem migrar para o novo curr\u00edculo, \u00e9 poss\u00edvel realizar a altera\u00e7\u00e3o mediante requerimento espec\u00edfico, devidamente assinado por meio do Gov.br. O modelo do requerimento est\u00e1 dispon\u00edvel no <a href=\"https:\/\/drive.google.com\/drive\/folders\/1buatFKpeh-oHBvAIUMrIUC2tUwqMIpGs\">link<\/a>. <\/p>\n\n\n\n<p class=\"wp-block-paragraph\"><\/p>\n","protected":false},"excerpt":{"rendered":"<p>Prezados(as),&nbsp; Para se matricular em disciplinas, o aluno dever\u00e1 efetuar a matr\u00edcula diretamente do seu [&hellip;]<\/p>\n","protected":false},"author":654,"featured_media":355,"comment_status":"closed","ping_status":"","sticky":false,"template":"","format":"standard","meta":{"footnotes":""},"categories":[7],"tags":[],"class_list":["post-352","post","type-post","status-publish","format-standard","has-post-thumbnail","hentry","category-matriculas"],"_links":{"self":[{"href":"https:\/\/www.ct.ufpb.br\/ppgecam\/wp-json\/wp\/v2\/posts\/352","targetHints":{"allow":["GET"]}}],"collection":[{"href":"https:\/\/www.ct.ufpb.br\/ppgecam\/wp-json\/wp\/v2\/posts"}],"about":[{"href":"https:\/\/www.ct.ufpb.br\/ppgecam\/wp-json\/wp\/v2\/types\/post"}],"author":[{"embeddable":true,"href":"https:\/\/www.ct.ufpb.br\/ppgecam\/wp-json\/wp\/v2\/users\/654"}],"replies":[{"embeddable":true,"href":"https:\/\/www.ct.ufpb.br\/ppgecam\/wp-json\/wp\/v2\/comments?post=352"}],"version-history":[{"count":4,"href":"https:\/\/www.ct.ufpb.br\/ppgecam\/wp-json\/wp\/v2\/posts\/352\/revisions"}],"predecessor-version":[{"id":357,"href":"https:\/\/www.ct.ufpb.br\/ppgecam\/wp-json\/wp\/v2\/posts\/352\/revisions\/357"}],"wp:featuredmedia":[{"embeddable":true,"href":"https:\/\/www.ct.ufpb.br\/ppgecam\/wp-json\/wp\/v2\/media\/355"}],"wp:attachment":[{"href":"https:\/\/www.ct.ufpb.br\/ppgecam\/wp-json\/wp\/v2\/media?parent=352"}],"wp:term":[{"taxonomy":"category","embeddable":true,"href":"https:\/\/www.ct.ufpb.br\/ppgecam\/wp-json\/wp\/v2\/categories?post=352"},{"taxonomy":"post_tag","embeddable":true,"href":"https:\/\/www.ct.ufpb.br\/ppgecam\/wp-json\/wp\/v2\/tags?post=352"}],"curies":[{"name":"wp","href":"https:\/\/api.w.org\/{rel}","templated":true}]}}