{"id":979,"date":"2026-08-28T13:18:19","date_gmt":"2026-08-28T16:18:19","guid":{"rendered":"https:\/\/www.ct.ufpb.br\/ppgcta\/?p=979"},"modified":"2026-08-28T13:43:43","modified_gmt":"2026-08-28T16:43:43","slug":"premio-capes-de-tese-edicao-2026","status":"publish","type":"post","link":"https:\/\/www.ct.ufpb.br\/ppgcta\/premio-capes-de-tese-edicao-2026\/","title":{"rendered":"Pr\u00eamio CAPES de Tese \u2013 Edi\u00e7\u00e3o 2026"},"content":{"rendered":"\n<figure class=\"wp-block-image size-large\"><img loading=\"lazy\" decoding=\"async\" width=\"1024\" height=\"992\" src=\"https:\/\/www.ct.ufpb.br\/ppgcta\/wp-content\/uploads\/sites\/139\/sites\/216\/2026\/08\/Gemini_Generated_Image_5y2xay5y2xay5y2x-1024x992.png\" alt=\"\" class=\"wp-image-980\" srcset=\"https:\/\/www.ct.ufpb.br\/ppgcta\/wp-content\/uploads\/sites\/139\/sites\/216\/2026\/08\/Gemini_Generated_Image_5y2xay5y2xay5y2x-1024x992.png 1024w, https:\/\/www.ct.ufpb.br\/ppgcta\/wp-content\/uploads\/sites\/139\/sites\/216\/2026\/08\/Gemini_Generated_Image_5y2xay5y2xay5y2x-300x290.png 300w, https:\/\/www.ct.ufpb.br\/ppgcta\/wp-content\/uploads\/sites\/139\/sites\/216\/2026\/08\/Gemini_Generated_Image_5y2xay5y2xay5y2x-768x744.png 768w, https:\/\/www.ct.ufpb.br\/ppgcta\/wp-content\/uploads\/sites\/139\/sites\/216\/2026\/08\/Gemini_Generated_Image_5y2xay5y2xay5y2x.png 1041w\" sizes=\"auto, (max-width: 1024px) 100vw, 1024px\" \/><\/figure>\n\n\n\n<p class=\"wp-block-paragraph\">\u00c9 com imenso orgulho e alegria que compartilhamos uma conquista que celebra a excel\u00eancia da pesquisa desenvolvida em nosso Programa!<\/p>\n\n\n\n<p class=\"wp-block-paragraph\">O Programa de P\u00f3s-Gradua\u00e7\u00e3o em Ci\u00eancia e Tecnologia de Alimentos da Universidade Federal da Para\u00edba (PPGCTA\/UFPB) foi agraciado com o Pr\u00eamio CAPES de Tese \u2013 Edi\u00e7\u00e3o 2026.<\/p>\n\n\n\n<p class=\"wp-block-paragraph\">A honraria foi concedida \u00e0 tese da discente Bianca Beatriz Torres de Assis, intitulada \u201cFermenta\u00e7\u00e3o probi\u00f3tica: uma estrat\u00e9gia para valoriza\u00e7\u00e3o de frutas nativas subexploradas\u201d, sob orienta\u00e7\u00e3o da Profa. Dra. Marciane Magnani.<\/p>\n\n\n\n<p class=\"wp-block-paragraph\">Este reconhecimento reafirma o compromisso do PPGCTA\/UFPB com a excel\u00eancia cient\u00edfica, a inova\u00e7\u00e3o e a valoriza\u00e7\u00e3o da biodiversidade brasileira.<\/p>\n\n\n\n<p class=\"wp-block-paragraph\">Parabenizamos a Dra. Bianca Beatriz Torres de Assis e a Profa. Dra. Marciane Magnani por essa conquista, que muito honra e enche de orgulho todo o nosso Programa!<\/p>\n\n\n\n<p class=\"wp-block-paragraph\"><\/p>\n","protected":false},"excerpt":{"rendered":"<p>\u00c9 com imenso orgulho e alegria que compartilhamos uma conquista que celebra a excel\u00eancia da [&hellip;]<\/p>\n","protected":false},"author":276,"featured_media":980,"comment_status":"closed","ping_status":"closed","sticky":false,"template":"","format":"standard","meta":{"footnotes":""},"categories":[6],"tags":[],"class_list":["post-979","post","type-post","status-publish","format-standard","has-post-thumbnail","hentry","category-noticia"],"_links":{"self":[{"href":"https:\/\/www.ct.ufpb.br\/ppgcta\/wp-json\/wp\/v2\/posts\/979","targetHints":{"allow":["GET"]}}],"collection":[{"href":"https:\/\/www.ct.ufpb.br\/ppgcta\/wp-json\/wp\/v2\/posts"}],"about":[{"href":"https:\/\/www.ct.ufpb.br\/ppgcta\/wp-json\/wp\/v2\/types\/post"}],"author":[{"embeddable":true,"href":"https:\/\/www.ct.ufpb.br\/ppgcta\/wp-json\/wp\/v2\/users\/276"}],"replies":[{"embeddable":true,"href":"https:\/\/www.ct.ufpb.br\/ppgcta\/wp-json\/wp\/v2\/comments?post=979"}],"version-history":[{"count":3,"href":"https:\/\/www.ct.ufpb.br\/ppgcta\/wp-json\/wp\/v2\/posts\/979\/revisions"}],"predecessor-version":[{"id":986,"href":"https:\/\/www.ct.ufpb.br\/ppgcta\/wp-json\/wp\/v2\/posts\/979\/revisions\/986"}],"wp:featuredmedia":[{"embeddable":true,"href":"https:\/\/www.ct.ufpb.br\/ppgcta\/wp-json\/wp\/v2\/media\/980"}],"wp:attachment":[{"href":"https:\/\/www.ct.ufpb.br\/ppgcta\/wp-json\/wp\/v2\/media?parent=979"}],"wp:term":[{"taxonomy":"category","embeddable":true,"href":"https:\/\/www.ct.ufpb.br\/ppgcta\/wp-json\/wp\/v2\/categories?post=979"},{"taxonomy":"post_tag","embeddable":true,"href":"https:\/\/www.ct.ufpb.br\/ppgcta\/wp-json\/wp\/v2\/tags?post=979"}],"curies":[{"name":"wp","href":"https:\/\/api.w.org\/{rel}","templated":true}]}}