{"id":861,"date":"2026-09-01T15:38:08","date_gmt":"2026-09-01T18:38:08","guid":{"rendered":"https:\/\/www.ct.ufpb.br\/ltc\/?p=861"},"modified":"2026-09-02T07:51:27","modified_gmt":"2026-09-02T10:51:27","slug":"selecao-de-iniciacao-cientifica-2026-2027","status":"publish","type":"post","link":"https:\/\/www.ct.ufpb.br\/ltc\/selecao-de-iniciacao-cientifica-2026-2027\/","title":{"rendered":"Sele\u00e7\u00e3o de Inicia\u00e7\u00e3o Cient\u00edfica 2026\/2027"},"content":{"rendered":"\n<p class=\"wp-block-paragraph\">A\u00a0Prof.\u00aa Dr.\u00aa Mel\u00e2nia Lopes Corn\u00e9lio\u00a0est\u00e1 selecionando alunos para participar do Projeto de Inicia\u00e7\u00e3o Cient\u00edfica\u00a0<strong>2026\/2027<\/strong>, vinculado ao\u00a0<strong>PIBIC\/CNPq\/UFPB, PIBIC-AF\/CNPq e PIBITI\/CNPq<\/strong>, veja abaixo as informa\u00e7\u00f5es e os crit\u00e9rios referentes ao Processo Seletivo 2026\/2027:<\/p>\n\n\n\n<p class=\"wp-block-paragraph\">T\u00edtulo: <strong>\u201cDesenvolvimento de formula\u00e7\u00e3o cosm\u00e9tica facial contendo o p\u00f3 da casca do ovo\u201d.<\/strong><\/p>\n\n\n\n<p class=\"has-vivid-red-color has-text-color has-link-color wp-elements-1 wp-block-paragraph\" style=\"text-decoration:underline\"><strong><mark class=\"has-inline-color has-vivid-red-color\">Os alunos podem se inscrever at\u00e9 o dia 04\/09\/2026 (sexta-feira), desde que:<\/mark><\/strong><\/p>\n\n\n\n<ul class=\"wp-block-list\">\n<li>Estejam regularmente matriculados em\u00a0<strong>Qu\u00edmica Industrial, Engenharia Qu\u00edmica ou cursos afins<\/strong>;<\/li>\n\n\n\n<li>J\u00e1 <strong>tenham cursado<\/strong>\u00a0<strong>ou estejam cursando<\/strong> a disciplina de<strong> Tecnologia de Fabrica\u00e7\u00e3o de Cosm\u00e9ticos<\/strong>;<\/li>\n\n\n\n<li>Tenham\u00a0<strong>disponibilidade de hor\u00e1rio<\/strong>\u00a0para desenvolver as atividades de pesquisa.<\/li>\n<\/ul>\n\n\n\n<p class=\"wp-block-paragraph\" style=\"text-decoration:underline\"><strong>ATEN\u00c7\u00c3O:<\/strong>\u00a0o aluno convocado dever\u00e1 realizar o\u00a0<strong>aceite ou a recusa da participa\u00e7\u00e3o no programa de Inicia\u00e7\u00e3o Cient\u00edfica pelo SIGAA<\/strong>.<\/p>\n\n\n\n<p class=\"wp-block-paragraph\" style=\"text-decoration:underline\"><strong>A sele\u00e7\u00e3o contar\u00e1 com:<\/strong><\/p>\n\n\n\n<ul class=\"wp-block-list\">\n<li>\u00a0<strong>Entrevista<\/strong>\u00a0sobre quest\u00f5es relacionadas ao projeto de inicia\u00e7\u00e3o cient\u00edfica;<\/li>\n\n\n\n<li>Avalia\u00e7\u00e3o do\u00a0<strong>desempenho escolar (CRA)<\/strong>;<\/li>\n\n\n\n<li><strong>Prova escrita<\/strong>\u00a0sobre conte\u00fados relacionados \u00e0 \u00e1rea de cosm\u00e9ticos. <br><strong>Assuntos da prova:<\/strong> Tensoativos; Emolientes; Espessantes; Shampoo; Condicionadores.<\/li>\n<\/ul>\n\n\n\n<p class=\"wp-block-paragraph\" style=\"text-decoration:underline\"><strong>Data e hor\u00e1rio da avalia\u00e7\u00e3o:<\/strong><\/p>\n\n\n\n<p class=\"wp-block-paragraph\">\ud83d\uddd3\ufe0f <strong>08\/09\/2026<\/strong> <\/p>\n\n\n\n<p class=\"wp-block-paragraph\">\u23f0 <strong>das 9h \u00e0s 12h <\/strong><\/p>\n\n\n\n<p class=\"wp-block-paragraph\">\ud83d\udccd  <strong>Local: <\/strong>sala da Prof.\u00aa Dr.\u00aa Mel\u00e2nia Lopes Corn\u00e9lio, no pr\u00e9dio acima da Biblioteca Setorial \u2014\u00a0<strong>sala ao lado direito para quem sobe a escada<\/strong>.<\/p>\n\n\n\n<p class=\"wp-block-paragraph\">N\u00e3o perca essa oportunidade de fazer parte de um projeto de pesquisa e ampliar sua experi\u00eancia acad\u00eamica e cient\u00edfica, venha participar e fazer ci\u00eancia com a gente.\u00a0<\/p>\n","protected":false},"excerpt":{"rendered":"<p>At\u00e9 dia 04\/09\/2026, os alunos podem demonstrar interesse em participar da sele\u00e7\u00e3o de inicia\u00e7\u00e3o cient\u00edfica 2026\/2027.<\/p>\n","protected":false},"author":264,"featured_media":863,"comment_status":"closed","ping_status":"open","sticky":false,"template":"","format":"standard","meta":{"footnotes":""},"categories":[8],"tags":[],"class_list":["post-861","post","type-post","status-publish","format-standard","has-post-thumbnail","hentry","category-reconhecimentos-e-registros"],"_links":{"self":[{"href":"https:\/\/www.ct.ufpb.br\/ltc\/wp-json\/wp\/v2\/posts\/861","targetHints":{"allow":["GET"]}}],"collection":[{"href":"https:\/\/www.ct.ufpb.br\/ltc\/wp-json\/wp\/v2\/posts"}],"about":[{"href":"https:\/\/www.ct.ufpb.br\/ltc\/wp-json\/wp\/v2\/types\/post"}],"author":[{"embeddable":true,"href":"https:\/\/www.ct.ufpb.br\/ltc\/wp-json\/wp\/v2\/users\/264"}],"replies":[{"embeddable":true,"href":"https:\/\/www.ct.ufpb.br\/ltc\/wp-json\/wp\/v2\/comments?post=861"}],"version-history":[{"count":7,"href":"https:\/\/www.ct.ufpb.br\/ltc\/wp-json\/wp\/v2\/posts\/861\/revisions"}],"predecessor-version":[{"id":869,"href":"https:\/\/www.ct.ufpb.br\/ltc\/wp-json\/wp\/v2\/posts\/861\/revisions\/869"}],"wp:featuredmedia":[{"embeddable":true,"href":"https:\/\/www.ct.ufpb.br\/ltc\/wp-json\/wp\/v2\/media\/863"}],"wp:attachment":[{"href":"https:\/\/www.ct.ufpb.br\/ltc\/wp-json\/wp\/v2\/media?parent=861"}],"wp:term":[{"taxonomy":"category","embeddable":true,"href":"https:\/\/www.ct.ufpb.br\/ltc\/wp-json\/wp\/v2\/categories?post=861"},{"taxonomy":"post_tag","embeddable":true,"href":"https:\/\/www.ct.ufpb.br\/ltc\/wp-json\/wp\/v2\/tags?post=861"}],"curies":[{"name":"wp","href":"https:\/\/api.w.org\/{rel}","templated":true}]}}