{"id":489,"date":"2025-11-12T13:00:00","date_gmt":"2025-11-12T16:00:00","guid":{"rendered":"https:\/\/www.ct.ufpb.br\/ltc\/?p=489"},"modified":"2025-10-30T07:02:26","modified_gmt":"2025-10-30T10:02:26","slug":"producao-de-condicionador","status":"publish","type":"post","link":"https:\/\/www.ct.ufpb.br\/ltc\/producao-de-condicionador\/","title":{"rendered":"Produ\u00e7\u00e3o de Condicionador"},"content":{"rendered":"\n<p>Como j\u00e1 foi visto na postagem sobre a produ\u00e7\u00e3o de shampoo, ap\u00f3s a lavagem dos cabelos, os fios ficam eletrostaticamente carregados, devido a carga negativa presente no tensoativo ani\u00f4nico, promovendo repuls\u00e3o entre eles, causando o emaranhamento e trazendo um aspecto \u00e1spero. Por isso a import\u00e2ncia de complementar o tratamento dos cabelos com um condicionador, pois ele sela as cut\u00edculas, neutralizando os efeitos dos tensoativos ani\u00f4nicos utilizados no shampoo, por meio de um tensoativo cati\u00f4nico e formando uma camada uniforme que atrai a \u00e1gua.<\/p>\n\n\n<div class=\"wp-block-image\">\n<figure class=\"aligncenter size-full is-resized\"><img loading=\"lazy\" decoding=\"async\" width=\"455\" height=\"447\" src=\"https:\/\/www.ct.ufpb.br\/ltc\/wp-content\/uploads\/sites\/107\/sites\/286\/2025\/08\/captura-25.jpg\" alt=\"\" class=\"wp-image-528\" style=\"width:305px;height:auto\" srcset=\"https:\/\/www.ct.ufpb.br\/ltc\/wp-content\/uploads\/sites\/107\/sites\/286\/2025\/08\/captura-25.jpg 455w, https:\/\/www.ct.ufpb.br\/ltc\/wp-content\/uploads\/sites\/107\/sites\/286\/2025\/08\/captura-25-300x295.jpg 300w\" sizes=\"auto, (max-width: 455px) 100vw, 455px\" \/><figcaption class=\"wp-element-caption\">Condicionador produzido em aula.<\/figcaption><\/figure>\n<\/div>\n\n\n<p>Por conta da atra\u00e7\u00e3o da \u00e1gua, os fios se tornam mais \u00famidos e macios, diminuindo a fric\u00e7\u00e3o e melhorando a penteabilidade dos cabelos. Os condicionadores s\u00e3o emuls\u00f5es formadas por tensoativos cati\u00f4nicos, geralmente sais quatern\u00e1rios de am\u00f4nia. O processo de produ\u00e7\u00e3o desta formula\u00e7\u00e3o \u00e9 complexo e exige aten\u00e7\u00e3o na escolha das mat\u00e9rias-primas e na sequ\u00eancia das etapas, levando em considera\u00e7\u00e3o que haver\u00e1 uma fase oleosa e uma aquosa que devem interagir de maneira est\u00e1vel, a depender da temperatura e do tempo e velocidade de agita\u00e7\u00e3o.<\/p>\n\n\n\n<p>Neste tipo de formula\u00e7\u00e3o, al\u00e9m dos tensoativos, s\u00e3o utilizados: umectantes, como a glicerina, para garantir a reten\u00e7\u00e3o de \u00e1gua nos fios; emolientes, como \u00f3leos e manteigas, que proporcionam maior flexibilidade e suavidade ao couro cabeludo e aos fios; reguladores de pH, como \u00e1cido c\u00edtrico ou hidr\u00f3xido de s\u00f3dio, para garantir um valor est\u00e1vel dentro da faixa aceit\u00e1vel para o produto; espessantes, como hidroxietilcelulose, que garantem consist\u00eancia ou fluidez \u00e0 formula\u00e7\u00e3o; quelantes, como o EDTA, que evitam altera\u00e7\u00f5es de estabilidade nas caracter\u00edsticas organol\u00e9pticas do produto como cor, apar\u00eancia e cheiro; conservantes, como isotiazolinona, capazes de proteger contra microrganismos e aumentar a vida \u00fatil do produto; e por fim, as fragr\u00e2ncias, que conferem cheiro \u00e0s formula\u00e7\u00f5es.<\/p>\n\n\n<div class=\"wp-block-image\">\n<figure class=\"aligncenter size-full\"><img loading=\"lazy\" decoding=\"async\" width=\"931\" height=\"406\" src=\"https:\/\/www.ct.ufpb.br\/ltc\/wp-content\/uploads\/sites\/107\/sites\/286\/2025\/08\/captura-22.jpg\" alt=\"\" class=\"wp-image-501\" srcset=\"https:\/\/www.ct.ufpb.br\/ltc\/wp-content\/uploads\/sites\/107\/sites\/286\/2025\/08\/captura-22.jpg 931w, https:\/\/www.ct.ufpb.br\/ltc\/wp-content\/uploads\/sites\/107\/sites\/286\/2025\/08\/captura-22-300x131.jpg 300w, https:\/\/www.ct.ufpb.br\/ltc\/wp-content\/uploads\/sites\/107\/sites\/286\/2025\/08\/captura-22-768x335.jpg 768w\" sizes=\"auto, (max-width: 931px) 100vw, 931px\" \/><figcaption class=\"wp-element-caption\">Aula pr\u00e1tica com a produ\u00e7\u00e3o de condicionador.<\/figcaption><\/figure>\n<\/div>\n\n\n<p><\/p>\n\n\n\n<p class=\"has-small-font-size\">Refer\u00eancias:<\/p>\n\n\n\n<p class=\"has-small-font-size\">OLIVEIRA, Marina Lima. <strong>Produ\u00e7\u00e3o de condicionador capilar org\u00e2nico.<\/strong> 2021. Trabalho de Conclus\u00e3o de Curso (Gradua\u00e7\u00e3o em Engenharia Qu\u00edmica) \u2013 Universidade Federal de Uberl\u00e2ndia, Uberl\u00e2ndia, 2021. Dispon\u00edvel em: <a href=\"https:\/\/repositorio.ufu.br\/handle\/123456789\/32426\">https:\/\/repositorio.ufu.br\/handle\/123456789\/32426<\/a>. Acesso em: 28 ago. 2025.<\/p>\n\n\n\n<p class=\"has-small-font-size\">SANTOS, Amanda Tavares dos; OCANHA, Leonardo Bianchi. <strong>Condicionador em filme sustent\u00e1vel: um novo caminho para a cosm\u00e9tica ecol\u00f3gica. <\/strong>2024. Trabalho de Conclus\u00e3o de Curso (Gradua\u00e7\u00e3o em Engenharia Qu\u00edmica) \u2013 Centro Universit\u00e1rio do Instituto Mau\u00e1 de Tecnologia, S\u00e3o Caetano do Sul, 2024. Dispon\u00edvel em: <a href=\"https:\/\/repositorio.maua.br\/handle\/MAUA\/1911\">https:\/\/repositorio.maua.br\/handle\/MAUA\/1911<\/a>. Acesso em: 28 ago. 2025.<\/p>\n\n\n\n<p><\/p>\n","protected":false},"excerpt":{"rendered":"<p>Alunos aprendem a formular condicionador em aula pr\u00e1tica.<\/p>\n","protected":false},"author":264,"featured_media":497,"comment_status":"closed","ping_status":"open","sticky":false,"template":"","format":"standard","meta":{"footnotes":""},"categories":[5],"tags":[],"class_list":["post-489","post","type-post","status-publish","format-standard","has-post-thumbnail","hentry","category-aulas_cosmeticos"],"_links":{"self":[{"href":"https:\/\/www.ct.ufpb.br\/ltc\/wp-json\/wp\/v2\/posts\/489","targetHints":{"allow":["GET"]}}],"collection":[{"href":"https:\/\/www.ct.ufpb.br\/ltc\/wp-json\/wp\/v2\/posts"}],"about":[{"href":"https:\/\/www.ct.ufpb.br\/ltc\/wp-json\/wp\/v2\/types\/post"}],"author":[{"embeddable":true,"href":"https:\/\/www.ct.ufpb.br\/ltc\/wp-json\/wp\/v2\/users\/264"}],"replies":[{"embeddable":true,"href":"https:\/\/www.ct.ufpb.br\/ltc\/wp-json\/wp\/v2\/comments?post=489"}],"version-history":[{"count":10,"href":"https:\/\/www.ct.ufpb.br\/ltc\/wp-json\/wp\/v2\/posts\/489\/revisions"}],"predecessor-version":[{"id":597,"href":"https:\/\/www.ct.ufpb.br\/ltc\/wp-json\/wp\/v2\/posts\/489\/revisions\/597"}],"wp:featuredmedia":[{"embeddable":true,"href":"https:\/\/www.ct.ufpb.br\/ltc\/wp-json\/wp\/v2\/media\/497"}],"wp:attachment":[{"href":"https:\/\/www.ct.ufpb.br\/ltc\/wp-json\/wp\/v2\/media?parent=489"}],"wp:term":[{"taxonomy":"category","embeddable":true,"href":"https:\/\/www.ct.ufpb.br\/ltc\/wp-json\/wp\/v2\/categories?post=489"},{"taxonomy":"post_tag","embeddable":true,"href":"https:\/\/www.ct.ufpb.br\/ltc\/wp-json\/wp\/v2\/tags?post=489"}],"curies":[{"name":"wp","href":"https:\/\/api.w.org\/{rel}","templated":true}]}}