{"id":405,"date":"2026-04-29T17:01:47","date_gmt":"2026-04-29T20:01:47","guid":{"rendered":"https:\/\/www.ct.ufpb.br\/lacesse\/?p=405"},"modified":"2026-04-29T17:01:47","modified_gmt":"2026-04-29T20:01:47","slug":"oportunidade-estagio-supervisionado-ii-2026-1","status":"publish","type":"post","link":"https:\/\/www.ct.ufpb.br\/lacesse\/oportunidade-estagio-supervisionado-ii-2026-1\/","title":{"rendered":"Oportunidade Est\u00e1gio supervisionado II 2026.1"},"content":{"rendered":"<figure class=\"wp-block-post-featured-image\"><img loading=\"lazy\" decoding=\"async\" width=\"1920\" height=\"1080\" src=\"https:\/\/www.ct.ufpb.br\/lacesse\/wp-content\/uploads\/sites\/107\/sites\/375\/2026\/04\/Design-sem-nome-5.png\" class=\"attachment-post-thumbnail size-post-thumbnail wp-post-image\" alt=\"Fotografia do interior de um audit\u00f3rio ou cinema vazio, tirada de uma perspectiva que destaca o corredor lateral. \u00c0 direita, fileiras de poltronas acolchoadas em azul-escuro estendem-se para o fundo. \u00c0 esquerda, uma escada acarpetada sobe o plano, com pequenos pontos de luz LED azul marcando a borda de cada degrau. A parede lateral \u00e9 revestida com pain\u00e9is de madeira vertical e possui ilumina\u00e7\u00e3o embutida no topo que projeta feixes de luz quente. O ambiente tem uma atmosfera moderna e silenciosa.\" style=\"object-fit:cover;\" srcset=\"https:\/\/www.ct.ufpb.br\/lacesse\/wp-content\/uploads\/sites\/107\/sites\/375\/2026\/04\/Design-sem-nome-5.png 1920w, https:\/\/www.ct.ufpb.br\/lacesse\/wp-content\/uploads\/sites\/107\/sites\/375\/2026\/04\/Design-sem-nome-5-300x169.png 300w, https:\/\/www.ct.ufpb.br\/lacesse\/wp-content\/uploads\/sites\/107\/sites\/375\/2026\/04\/Design-sem-nome-5-1024x576.png 1024w, https:\/\/www.ct.ufpb.br\/lacesse\/wp-content\/uploads\/sites\/107\/sites\/375\/2026\/04\/Design-sem-nome-5-768x432.png 768w, https:\/\/www.ct.ufpb.br\/lacesse\/wp-content\/uploads\/sites\/107\/sites\/375\/2026\/04\/Design-sem-nome-5-1536x864.png 1536w\" sizes=\"auto, (max-width: 1920px) 100vw, 1920px\" \/><\/figure>\n\n\n<p><\/p>\n\n\n\n<hr class=\"wp-block-separator has-alpha-channel-opacity\" \/>\n\n\n\n<p>Est\u00e3o abertas 2 vagas para o Est\u00e1gio Supervisionado II (2026.1) no LACESSE \u2013 Laborat\u00f3rio de Acessibilidade da UFPB, com orienta\u00e7\u00e3o da Profa. Angelina Costa. A proposta desta edi\u00e7\u00e3o \u00e9 continuar a desenvolver estudos sobre acessibilidade no Teatro Paulo Pontes no Espa\u00e7o Cultural, analisando como ambientes culturais podem se tornar mais inclusivos para todos.<\/p>\n\n\n\n<p>Interessados podem entrar em contato pelo e-mail: angelinacosta@yahoo.com.br<\/p>\n\n\n\n<p>DATA: 13 de abril de 2026. <\/p>\n\n\n\n<p><\/p>\n","protected":false},"excerpt":{"rendered":"<p>Est\u00e3o abertas 2 vagas para o Est\u00e1gio Supervisionado II (2026.1) no LACESSE \u2013 Laborat\u00f3rio de [&hellip;]<\/p>\n","protected":false},"author":525,"featured_media":407,"comment_status":"closed","ping_status":"","sticky":false,"template":"","format":"standard","meta":{"footnotes":""},"categories":[1],"tags":[],"class_list":["post-405","post","type-post","status-publish","format-standard","has-post-thumbnail","hentry","category-sem-categoria"],"_links":{"self":[{"href":"https:\/\/www.ct.ufpb.br\/lacesse\/wp-json\/wp\/v2\/posts\/405","targetHints":{"allow":["GET"]}}],"collection":[{"href":"https:\/\/www.ct.ufpb.br\/lacesse\/wp-json\/wp\/v2\/posts"}],"about":[{"href":"https:\/\/www.ct.ufpb.br\/lacesse\/wp-json\/wp\/v2\/types\/post"}],"author":[{"embeddable":true,"href":"https:\/\/www.ct.ufpb.br\/lacesse\/wp-json\/wp\/v2\/users\/525"}],"replies":[{"embeddable":true,"href":"https:\/\/www.ct.ufpb.br\/lacesse\/wp-json\/wp\/v2\/comments?post=405"}],"version-history":[{"count":1,"href":"https:\/\/www.ct.ufpb.br\/lacesse\/wp-json\/wp\/v2\/posts\/405\/revisions"}],"predecessor-version":[{"id":409,"href":"https:\/\/www.ct.ufpb.br\/lacesse\/wp-json\/wp\/v2\/posts\/405\/revisions\/409"}],"wp:featuredmedia":[{"embeddable":true,"href":"https:\/\/www.ct.ufpb.br\/lacesse\/wp-json\/wp\/v2\/media\/407"}],"wp:attachment":[{"href":"https:\/\/www.ct.ufpb.br\/lacesse\/wp-json\/wp\/v2\/media?parent=405"}],"wp:term":[{"taxonomy":"category","embeddable":true,"href":"https:\/\/www.ct.ufpb.br\/lacesse\/wp-json\/wp\/v2\/categories?post=405"},{"taxonomy":"post_tag","embeddable":true,"href":"https:\/\/www.ct.ufpb.br\/lacesse\/wp-json\/wp\/v2\/tags?post=405"}],"curies":[{"name":"wp","href":"https:\/\/api.w.org\/{rel}","templated":true}]}}