{"id":379,"date":"2026-04-29T16:42:01","date_gmt":"2026-04-29T19:42:01","guid":{"rendered":"https:\/\/www.ct.ufpb.br\/lacesse\/?p=379"},"modified":"2026-04-29T16:42:01","modified_gmt":"2026-04-29T19:42:01","slug":"dia-da-inclusao-social","status":"publish","type":"post","link":"https:\/\/www.ct.ufpb.br\/lacesse\/dia-da-inclusao-social\/","title":{"rendered":"Dia da Inclus\u00e3o Social"},"content":{"rendered":"<figure class=\"wp-block-post-featured-image\"><img loading=\"lazy\" decoding=\"async\" width=\"1600\" height=\"900\" src=\"https:\/\/www.ct.ufpb.br\/lacesse\/wp-content\/uploads\/sites\/107\/sites\/375\/2026\/04\/WhatsApp-Image-2026-04-29-at-16.39.54.jpeg\" class=\"attachment-post-thumbnail size-post-thumbnail wp-post-image\" alt=\"Ilustra\u00e7\u00e3o com fundo azul mostrando um grupo diverso de pessoas alinhadas lado a lado. Entre elas, h\u00e1 indiv\u00edduos com e sem defici\u00eancia, incluindo pessoas em cadeiras de rodas, com pr\u00f3teses nas pernas e bra\u00e7os, e diferentes tons de pele, idades e estilos de roupa. Algumas pessoas est\u00e3o em p\u00e9, outras sentadas, e uma faz gesto com a m\u00e3o. A imagem destaca a diversidade e a inclus\u00e3o, representando diferentes corpos e formas de mobilidade em um mesmo grupo.\" style=\"object-fit:cover;\" srcset=\"https:\/\/www.ct.ufpb.br\/lacesse\/wp-content\/uploads\/sites\/107\/sites\/375\/2026\/04\/WhatsApp-Image-2026-04-29-at-16.39.54.jpeg 1600w, https:\/\/www.ct.ufpb.br\/lacesse\/wp-content\/uploads\/sites\/107\/sites\/375\/2026\/04\/WhatsApp-Image-2026-04-29-at-16.39.54-300x169.jpeg 300w, https:\/\/www.ct.ufpb.br\/lacesse\/wp-content\/uploads\/sites\/107\/sites\/375\/2026\/04\/WhatsApp-Image-2026-04-29-at-16.39.54-1024x576.jpeg 1024w, https:\/\/www.ct.ufpb.br\/lacesse\/wp-content\/uploads\/sites\/107\/sites\/375\/2026\/04\/WhatsApp-Image-2026-04-29-at-16.39.54-768x432.jpeg 768w, https:\/\/www.ct.ufpb.br\/lacesse\/wp-content\/uploads\/sites\/107\/sites\/375\/2026\/04\/WhatsApp-Image-2026-04-29-at-16.39.54-1536x864.jpeg 1536w\" sizes=\"auto, (max-width: 1600px) 100vw, 1600px\" \/><\/figure>\n\n\n<p><\/p>\n\n\n\n<hr class=\"wp-block-separator has-alpha-channel-opacity\" \/>\n\n\n\n<p>O Dia da Inclus\u00e3o Social \u00e9 um convite a sociedade a refletir sobre a import\u00e2ncia de se garantir os direitos humanos e, consequentemente, espa\u00e7o e voz para todas as pessoas. Muitos grupos sociais t\u00eam sido exclu\u00eddos historicamente por preconceito e neglig\u00eancia, os privando de direitos b\u00e1sicos, como acesso a educa\u00e7\u00e3o, afastando cada vez mais de uma vida socialmente ativa. Por isso \u00e9 importante datas como essa, as quais ressaltam que inclus\u00e3o vai al\u00e9m da presen\u00e7a de pessoas com defici\u00eancia, por exemplo, em um determinado espa\u00e7o. Ela envolve a concep\u00e7\u00e3o de ambientes onde todos possam se sentir acolhidos, valorizados e respeitados, com as mesmas oportunidades.<\/p>\n\n\n\n<p>O Dia da Inclus\u00e3o Social \u00e9 como um lembrete de que ainda h\u00e1 muito a ser feito para alcan\u00e7ar essa meta, mas cada um de n\u00f3s pode fazer a diferen\u00e7a para que todos possam participar ativamente na constru\u00e7\u00e3o de uma sociedade mais inclusiva.&nbsp;<\/p>\n\n\n\n<p><\/p>\n\n\n\n<p>DATA: 10 de dezembro de 2025<\/p>\n","protected":false},"excerpt":{"rendered":"<p>O Dia da Inclus\u00e3o Social \u00e9 um convite a sociedade a refletir sobre a import\u00e2ncia [&hellip;]<\/p>\n","protected":false},"author":525,"featured_media":389,"comment_status":"closed","ping_status":"","sticky":false,"template":"","format":"standard","meta":{"footnotes":""},"categories":[1],"tags":[],"class_list":["post-379","post","type-post","status-publish","format-standard","has-post-thumbnail","hentry","category-sem-categoria"],"_links":{"self":[{"href":"https:\/\/www.ct.ufpb.br\/lacesse\/wp-json\/wp\/v2\/posts\/379","targetHints":{"allow":["GET"]}}],"collection":[{"href":"https:\/\/www.ct.ufpb.br\/lacesse\/wp-json\/wp\/v2\/posts"}],"about":[{"href":"https:\/\/www.ct.ufpb.br\/lacesse\/wp-json\/wp\/v2\/types\/post"}],"author":[{"embeddable":true,"href":"https:\/\/www.ct.ufpb.br\/lacesse\/wp-json\/wp\/v2\/users\/525"}],"replies":[{"embeddable":true,"href":"https:\/\/www.ct.ufpb.br\/lacesse\/wp-json\/wp\/v2\/comments?post=379"}],"version-history":[{"count":1,"href":"https:\/\/www.ct.ufpb.br\/lacesse\/wp-json\/wp\/v2\/posts\/379\/revisions"}],"predecessor-version":[{"id":390,"href":"https:\/\/www.ct.ufpb.br\/lacesse\/wp-json\/wp\/v2\/posts\/379\/revisions\/390"}],"wp:featuredmedia":[{"embeddable":true,"href":"https:\/\/www.ct.ufpb.br\/lacesse\/wp-json\/wp\/v2\/media\/389"}],"wp:attachment":[{"href":"https:\/\/www.ct.ufpb.br\/lacesse\/wp-json\/wp\/v2\/media?parent=379"}],"wp:term":[{"taxonomy":"category","embeddable":true,"href":"https:\/\/www.ct.ufpb.br\/lacesse\/wp-json\/wp\/v2\/categories?post=379"},{"taxonomy":"post_tag","embeddable":true,"href":"https:\/\/www.ct.ufpb.br\/lacesse\/wp-json\/wp\/v2\/tags?post=379"}],"curies":[{"name":"wp","href":"https:\/\/api.w.org\/{rel}","templated":true}]}}