{"id":372,"date":"2026-04-29T16:34:40","date_gmt":"2026-04-29T19:34:40","guid":{"rendered":"https:\/\/www.ct.ufpb.br\/lacesse\/?p=372"},"modified":"2026-04-29T16:34:40","modified_gmt":"2026-04-29T19:34:40","slug":"dia-internacional-da-pessoa-com-deficiencia","status":"publish","type":"post","link":"https:\/\/www.ct.ufpb.br\/lacesse\/dia-internacional-da-pessoa-com-deficiencia\/","title":{"rendered":"DIA INTERNACIONAL DA PESSOA COM DEFICI\u00caNCIA"},"content":{"rendered":"<figure class=\"wp-block-post-featured-image\"><img loading=\"lazy\" decoding=\"async\" width=\"1920\" height=\"1080\" src=\"https:\/\/www.ct.ufpb.br\/lacesse\/wp-content\/uploads\/sites\/107\/sites\/375\/2026\/04\/Design-sem-nome.jpg\" class=\"attachment-post-thumbnail size-post-thumbnail wp-post-image\" alt=\"Ilustra\u00e7\u00e3o de um grupo diverso de pessoas com defici\u00eancia em um fundo claro com forma org\u00e2nica azul. \u00c0 esquerda, uma pessoa com defici\u00eancia visual caminha com um c\u00e3o-guia. Ao lado, h\u00e1 pessoas com pr\u00f3teses nas pernas e no bra\u00e7o, uma pessoa em cadeira de rodas e outra tamb\u00e9m em cadeira de rodas com os bra\u00e7os levantados. Algumas personagens acenam ou celebram. No canto superior direito, h\u00e1 um la\u00e7o colorido que simboliza a inclus\u00e3o.\" style=\"object-fit:cover;\" srcset=\"https:\/\/www.ct.ufpb.br\/lacesse\/wp-content\/uploads\/sites\/107\/sites\/375\/2026\/04\/Design-sem-nome.jpg 1920w, https:\/\/www.ct.ufpb.br\/lacesse\/wp-content\/uploads\/sites\/107\/sites\/375\/2026\/04\/Design-sem-nome-300x169.jpg 300w, https:\/\/www.ct.ufpb.br\/lacesse\/wp-content\/uploads\/sites\/107\/sites\/375\/2026\/04\/Design-sem-nome-1024x576.jpg 1024w, https:\/\/www.ct.ufpb.br\/lacesse\/wp-content\/uploads\/sites\/107\/sites\/375\/2026\/04\/Design-sem-nome-768x432.jpg 768w, https:\/\/www.ct.ufpb.br\/lacesse\/wp-content\/uploads\/sites\/107\/sites\/375\/2026\/04\/Design-sem-nome-1536x864.jpg 1536w\" sizes=\"auto, (max-width: 1920px) 100vw, 1920px\" \/><\/figure>\n\n\n<hr class=\"wp-block-separator has-alpha-channel-opacity\" \/>\n\n\n\n<p>No dia 3 de dezembro celebra-se o Dia Internacional da Pessoa com Defici\u00eancia, uma data que refor\u00e7a a import\u00e2ncia da equidade e da valoriza\u00e7\u00e3o de todas as pessoas. Para isso, \u00e9 essencial que cada indiv\u00edduo se sinta pertencente e seguro, com autonomia em qualquer ambiente. Pensar o espa\u00e7o constru\u00eddo de forma inclusiva \u00e9 fundamental para garantir a participa\u00e7\u00e3o plena de todos.<br>Com esse prop\u00f3sito, o Lacesse relembra a relev\u00e2ncia da data para a inclus\u00e3o da pessoa com defici\u00eancia tamb\u00e9m na universidade p\u00fablica, apresentando a comunidade acad\u00eamica o apoio oferecido pela UFPB, a partir do CIA e seus diferentes servi\u00e7os ofertados.\u00a0<\/p>\n\n\n\n<p>DATA: 03 de dezembro 2025.<\/p>\n\n\n\n<p><\/p>\n","protected":false},"excerpt":{"rendered":"<p>No dia 3 de dezembro celebra-se o Dia Internacional da Pessoa com Defici\u00eancia, uma data [&hellip;]<\/p>\n","protected":false},"author":525,"featured_media":381,"comment_status":"closed","ping_status":"","sticky":false,"template":"","format":"standard","meta":{"footnotes":""},"categories":[1],"tags":[],"class_list":["post-372","post","type-post","status-publish","format-standard","has-post-thumbnail","hentry","category-sem-categoria"],"_links":{"self":[{"href":"https:\/\/www.ct.ufpb.br\/lacesse\/wp-json\/wp\/v2\/posts\/372","targetHints":{"allow":["GET"]}}],"collection":[{"href":"https:\/\/www.ct.ufpb.br\/lacesse\/wp-json\/wp\/v2\/posts"}],"about":[{"href":"https:\/\/www.ct.ufpb.br\/lacesse\/wp-json\/wp\/v2\/types\/post"}],"author":[{"embeddable":true,"href":"https:\/\/www.ct.ufpb.br\/lacesse\/wp-json\/wp\/v2\/users\/525"}],"replies":[{"embeddable":true,"href":"https:\/\/www.ct.ufpb.br\/lacesse\/wp-json\/wp\/v2\/comments?post=372"}],"version-history":[{"count":1,"href":"https:\/\/www.ct.ufpb.br\/lacesse\/wp-json\/wp\/v2\/posts\/372\/revisions"}],"predecessor-version":[{"id":384,"href":"https:\/\/www.ct.ufpb.br\/lacesse\/wp-json\/wp\/v2\/posts\/372\/revisions\/384"}],"wp:featuredmedia":[{"embeddable":true,"href":"https:\/\/www.ct.ufpb.br\/lacesse\/wp-json\/wp\/v2\/media\/381"}],"wp:attachment":[{"href":"https:\/\/www.ct.ufpb.br\/lacesse\/wp-json\/wp\/v2\/media?parent=372"}],"wp:term":[{"taxonomy":"category","embeddable":true,"href":"https:\/\/www.ct.ufpb.br\/lacesse\/wp-json\/wp\/v2\/categories?post=372"},{"taxonomy":"post_tag","embeddable":true,"href":"https:\/\/www.ct.ufpb.br\/lacesse\/wp-json\/wp\/v2\/tags?post=372"}],"curies":[{"name":"wp","href":"https:\/\/api.w.org\/{rel}","templated":true}]}}