{"id":192,"date":"2025-10-15T10:39:00","date_gmt":"2025-10-15T13:39:00","guid":{"rendered":"https:\/\/www.ct.ufpb.br\/lacesse\/?p=192"},"modified":"2025-10-22T10:57:21","modified_gmt":"2025-10-22T13:57:21","slug":"dia-dos-professores","status":"publish","type":"post","link":"https:\/\/www.ct.ufpb.br\/lacesse\/dia-dos-professores\/","title":{"rendered":"Dia dos Professores!"},"content":{"rendered":"\n<p>Mais do que uma data comemorativa, este \u00e9 um momento para reconhecer a import\u00e2ncia de quem dedica sua trajet\u00f3ria ao ato de ensinar \u2014 especialmente aqueles que inspiram a constru\u00e7\u00e3o de espa\u00e7os mais inclusivos, acess\u00edveis e humanos.<\/p>\n\n\n\n<p>No Lacesse, acreditamos que cada professor \u00e9 um agente de transforma\u00e7\u00e3o: suas ideias moldam n\u00e3o apenas o conhecimento, mas tamb\u00e9m a forma como pensamos e projetamos o mundo ao nosso redor.<\/p>\n\n\n\n<p>A todos os docentes que ensinam com sensibilidade, \u00e9tica e compromisso com a inclus\u00e3o, o nosso muito obrigado!<\/p>\n\n\n\n<p><\/p>\n","protected":false},"excerpt":{"rendered":"<p>Mais do que uma data comemorativa, este \u00e9 um momento para reconhecer a import\u00e2ncia de [&hellip;]<\/p>\n","protected":false},"author":418,"featured_media":193,"comment_status":"closed","ping_status":"","sticky":false,"template":"","format":"standard","meta":{"footnotes":""},"categories":[1],"tags":[],"class_list":["post-192","post","type-post","status-publish","format-standard","has-post-thumbnail","hentry","category-sem-categoria"],"_links":{"self":[{"href":"https:\/\/www.ct.ufpb.br\/lacesse\/wp-json\/wp\/v2\/posts\/192","targetHints":{"allow":["GET"]}}],"collection":[{"href":"https:\/\/www.ct.ufpb.br\/lacesse\/wp-json\/wp\/v2\/posts"}],"about":[{"href":"https:\/\/www.ct.ufpb.br\/lacesse\/wp-json\/wp\/v2\/types\/post"}],"author":[{"embeddable":true,"href":"https:\/\/www.ct.ufpb.br\/lacesse\/wp-json\/wp\/v2\/users\/418"}],"replies":[{"embeddable":true,"href":"https:\/\/www.ct.ufpb.br\/lacesse\/wp-json\/wp\/v2\/comments?post=192"}],"version-history":[{"count":1,"href":"https:\/\/www.ct.ufpb.br\/lacesse\/wp-json\/wp\/v2\/posts\/192\/revisions"}],"predecessor-version":[{"id":194,"href":"https:\/\/www.ct.ufpb.br\/lacesse\/wp-json\/wp\/v2\/posts\/192\/revisions\/194"}],"wp:featuredmedia":[{"embeddable":true,"href":"https:\/\/www.ct.ufpb.br\/lacesse\/wp-json\/wp\/v2\/media\/193"}],"wp:attachment":[{"href":"https:\/\/www.ct.ufpb.br\/lacesse\/wp-json\/wp\/v2\/media?parent=192"}],"wp:term":[{"taxonomy":"category","embeddable":true,"href":"https:\/\/www.ct.ufpb.br\/lacesse\/wp-json\/wp\/v2\/categories?post=192"},{"taxonomy":"post_tag","embeddable":true,"href":"https:\/\/www.ct.ufpb.br\/lacesse\/wp-json\/wp\/v2\/tags?post=192"}],"curies":[{"name":"wp","href":"https:\/\/api.w.org\/{rel}","templated":true}]}}