{"id":161,"date":"2026-02-28T09:59:20","date_gmt":"2026-02-28T12:59:20","guid":{"rendered":"https:\/\/www.ct.ufpb.br\/deca\/?p=161"},"modified":"2026-02-28T10:05:28","modified_gmt":"2026-02-28T13:05:28","slug":"iv-conaced-congresso-nacional-de-construcao-de-edificios","status":"publish","type":"post","link":"https:\/\/www.ct.ufpb.br\/deca\/institucional\/iv-conaced-congresso-nacional-de-construcao-de-edificios\/","title":{"rendered":"IV CONACED &#8211; Congresso Nacional de Constru\u00e7\u00e3o de Edif\u00edcios"},"content":{"rendered":"\n<p>Evento ocorrer\u00e1 entre os dias 08 a 10 de agosto de 2019 no Centro de Conven\u00e7\u00f5es em Jo\u00e3o Pessoa\/PB.<\/p>\n\n\n<div class=\"wp-block-image\">\n<figure class=\"aligncenter size-full\"><img loading=\"lazy\" decoding=\"async\" width=\"423\" height=\"767\" src=\"https:\/\/www.ct.ufpb.br\/deca\/wp-content\/uploads\/sites\/107\/sites\/339\/2026\/02\/093b5cee-df92-48af-b752-44ca11e79669-1.jpeg\" alt=\"\" class=\"wp-image-163\" srcset=\"https:\/\/www.ct.ufpb.br\/deca\/wp-content\/uploads\/sites\/107\/sites\/339\/2026\/02\/093b5cee-df92-48af-b752-44ca11e79669-1.jpeg 423w, https:\/\/www.ct.ufpb.br\/deca\/wp-content\/uploads\/sites\/107\/sites\/339\/2026\/02\/093b5cee-df92-48af-b752-44ca11e79669-1-165x300.jpeg 165w\" sizes=\"auto, (max-width: 423px) 100vw, 423px\" \/><\/figure>\n<\/div>\n\n\n<p><\/p>\n\n\n\n<p>O DECA orgulhosamente convida a todos para participarem do Congresso Nacional de Constru\u00e7\u00e3o de Edif\u00edcios &#8211; CONACED, organizado pela UFPB em parceria com a ANTAC &#8211; Associa\u00e7\u00e3o Nacional de Tecnologia no Ambiente Constru\u00eddo. O evento est\u00e1 na sua 4\u00aa edi\u00e7\u00e3o e ocorrer\u00e1 entre os dias 08 e 10 de agosto de 2019 no Centro de Conven\u00e7\u00f5es, em Jo\u00e3o Pessoa\/PB.&nbsp;Venha participar desse grande momento da Constru\u00e7\u00e3o Civil. O evento ser\u00e1 o maior da Regi\u00e3o Nordeste em 2019, e espera 3000 participantes e mais de 20 palestrantes, sendo uma \u00f3tima oportunidade em&nbsp;<em>networking<\/em>&nbsp;acad\u00eamico e comercial.<\/p>\n\n\n\n<p>Para mais informa\u00e7\u00f5es,&nbsp;<a href=\"http:\/\/plone.ufpb.br\/deca\/contents\/noticias\/iv-conaced-congresso-nacional-de-construcao-de-edificios\/folder-digital-conaced-1.pdf\">acesse o folder do evento.<\/a><\/p>\n\n\n\n<p><\/p>\n","protected":false},"excerpt":{"rendered":"<p>Evento ocorrer\u00e1 entre os dias 08 a 10 de agosto de 2019 no Centro de [&hellip;]<\/p>\n","protected":false},"author":285,"featured_media":164,"comment_status":"open","ping_status":"open","sticky":false,"template":"","format":"standard","meta":{"footnotes":""},"categories":[6],"tags":[],"class_list":["post-161","post","type-post","status-publish","format-standard","has-post-thumbnail","hentry","category-institucional"],"_links":{"self":[{"href":"https:\/\/www.ct.ufpb.br\/deca\/wp-json\/wp\/v2\/posts\/161","targetHints":{"allow":["GET"]}}],"collection":[{"href":"https:\/\/www.ct.ufpb.br\/deca\/wp-json\/wp\/v2\/posts"}],"about":[{"href":"https:\/\/www.ct.ufpb.br\/deca\/wp-json\/wp\/v2\/types\/post"}],"author":[{"embeddable":true,"href":"https:\/\/www.ct.ufpb.br\/deca\/wp-json\/wp\/v2\/users\/285"}],"replies":[{"embeddable":true,"href":"https:\/\/www.ct.ufpb.br\/deca\/wp-json\/wp\/v2\/comments?post=161"}],"version-history":[{"count":1,"href":"https:\/\/www.ct.ufpb.br\/deca\/wp-json\/wp\/v2\/posts\/161\/revisions"}],"predecessor-version":[{"id":165,"href":"https:\/\/www.ct.ufpb.br\/deca\/wp-json\/wp\/v2\/posts\/161\/revisions\/165"}],"wp:featuredmedia":[{"embeddable":true,"href":"https:\/\/www.ct.ufpb.br\/deca\/wp-json\/wp\/v2\/media\/164"}],"wp:attachment":[{"href":"https:\/\/www.ct.ufpb.br\/deca\/wp-json\/wp\/v2\/media?parent=161"}],"wp:term":[{"taxonomy":"category","embeddable":true,"href":"https:\/\/www.ct.ufpb.br\/deca\/wp-json\/wp\/v2\/categories?post=161"},{"taxonomy":"post_tag","embeddable":true,"href":"https:\/\/www.ct.ufpb.br\/deca\/wp-json\/wp\/v2\/tags?post=161"}],"curies":[{"name":"wp","href":"https:\/\/api.w.org\/{rel}","templated":true}]}}