{"id":186,"date":"2016-07-20T16:57:00","date_gmt":"2016-07-20T19:57:00","guid":{"rendered":"https:\/\/www.ct.ufpb.br\/cgemat\/?p=186"},"modified":"2026-03-17T16:56:39","modified_gmt":"2026-03-17T19:56:39","slug":"recepcao-dos-feras-2016-1","status":"publish","type":"post","link":"https:\/\/www.ct.ufpb.br\/cgemat\/institucional\/recepcao-dos-feras-2016-1\/","title":{"rendered":"Recep\u00e7\u00e3o dos feras 2016.1"},"content":{"rendered":"\n<p>Em 20\/07\/2016 \u00e0s 9:30h no audit\u00f3rio do CT, faremos a recep\u00e7\u00e3o de boas vindas aos nossos novos alunos.<\/p>\n\n\n\n<p class=\" \">Em 20\/07\/2016 \u00e0s 9:30h no audit\u00f3rio do CT, faremos a recep\u00e7\u00e3o de boas vindas aos nossos novos alunos.&nbsp;<\/p>\n\n\n\n<p class=\" \">Programa\u00e7\u00e3o:<\/p>\n\n\n\n<p class=\" \">Palestra de abertura &#8211; Prof. Ramon Torquato<\/p>\n\n\n\n<p class=\" \">Boas vindas &#8211; Profs. Ricardo e Tiberio<\/p>\n\n\n\n<p class=\" \">Boas vindas &#8211; demais professores presentes<\/p>\n\n\n\n<p class=\" \">Palestra aluno veterano &#8211; Raquel Braga (experi\u00eancias vividas ao longo do curso e no est\u00e1gio)<\/p>\n\n\n\n<p class=\" \">\u00a0 \u00a0 \u00a0 \u00a0 \u00a0 \u00a0 \u00a0 \u00a0 \u00a0 \u00a0 \u00a0 \u00a0 \u00a0 \u00a0 \u00a0 \u00a0 \u00a0 \u00a0 \u00a0 \u00a0 \u00a0 \u00a0 \u00a0 \u00a0 \u00a0\u00a0Rivaldo Rocha Filho (experi\u00eancias no BRAFITEC)<\/p>\n\n\n\n<p class=\" \">Boas vindas &#8211; Alunos do CA de Engenharia de Materiais<\/p>\n\n\n\n<p class=\" \">&nbsp;\u201cA doc\u00eancia \u00e9 uma forma de desdobramento&#8230; Ser professor \u00e9 ser aquele que, antes de tudo, se compraz no encontro, na jun\u00e7\u00e3o, na rela\u00e7\u00e3o. \u00c9 ser aquele que tem como mote algo que \u00e9 extremamente rom\u00e2ntico &#8211; e por isso bonito, jamais descart\u00e1vel&#8230; N\u00e3o h\u00e1 nenhum risco em assumir essa amorosidade. Fernando Pessoa j\u00e1 dizia que todas as cartas de amor s\u00e3o rid\u00edculas, mas mais rid\u00edculo \u00e9 quem n\u00e3o as escreve. Quem n\u00e3o ama \u00e9 incapaz de se desdobrar\u201d (Pensatas Pedag\u00f3gicas\/M\u00e1rio Sergio Cortella).<\/p>\n\n\n\n<p class=\" \">&nbsp;<\/p>\n\n\n\n<p class=\" \">Contamos com a presen\u00e7a de todos!<\/p>\n\n\n\n<p><\/p>\n","protected":false},"excerpt":{"rendered":"<p>Em 20\/07\/2016 \u00e0s 9:30h no audit\u00f3rio do CT, faremos a recep\u00e7\u00e3o de boas vindas aos [&hellip;]<\/p>\n","protected":false},"author":285,"featured_media":138,"comment_status":"open","ping_status":"open","sticky":false,"template":"","format":"standard","meta":{"footnotes":""},"categories":[6],"tags":[],"class_list":["post-186","post","type-post","status-publish","format-standard","has-post-thumbnail","hentry","category-institucional"],"_links":{"self":[{"href":"https:\/\/www.ct.ufpb.br\/cgemat\/wp-json\/wp\/v2\/posts\/186","targetHints":{"allow":["GET"]}}],"collection":[{"href":"https:\/\/www.ct.ufpb.br\/cgemat\/wp-json\/wp\/v2\/posts"}],"about":[{"href":"https:\/\/www.ct.ufpb.br\/cgemat\/wp-json\/wp\/v2\/types\/post"}],"author":[{"embeddable":true,"href":"https:\/\/www.ct.ufpb.br\/cgemat\/wp-json\/wp\/v2\/users\/285"}],"replies":[{"embeddable":true,"href":"https:\/\/www.ct.ufpb.br\/cgemat\/wp-json\/wp\/v2\/comments?post=186"}],"version-history":[{"count":1,"href":"https:\/\/www.ct.ufpb.br\/cgemat\/wp-json\/wp\/v2\/posts\/186\/revisions"}],"predecessor-version":[{"id":187,"href":"https:\/\/www.ct.ufpb.br\/cgemat\/wp-json\/wp\/v2\/posts\/186\/revisions\/187"}],"wp:featuredmedia":[{"embeddable":true,"href":"https:\/\/www.ct.ufpb.br\/cgemat\/wp-json\/wp\/v2\/media\/138"}],"wp:attachment":[{"href":"https:\/\/www.ct.ufpb.br\/cgemat\/wp-json\/wp\/v2\/media?parent=186"}],"wp:term":[{"taxonomy":"category","embeddable":true,"href":"https:\/\/www.ct.ufpb.br\/cgemat\/wp-json\/wp\/v2\/categories?post=186"},{"taxonomy":"post_tag","embeddable":true,"href":"https:\/\/www.ct.ufpb.br\/cgemat\/wp-json\/wp\/v2\/tags?post=186"}],"curies":[{"name":"wp","href":"https:\/\/api.w.org\/{rel}","templated":true}]}}