{"id":155,"date":"2019-04-23T10:48:00","date_gmt":"2019-04-23T13:48:00","guid":{"rendered":"https:\/\/www.ct.ufpb.br\/cgemat\/?p=155"},"modified":"2026-03-17T16:43:53","modified_gmt":"2026-03-17T19:43:53","slug":"defesa-de-estagio-2018-2","status":"publish","type":"post","link":"https:\/\/www.ct.ufpb.br\/cgemat\/institucional\/defesa-de-estagio-2018-2\/","title":{"rendered":"Defesa de Est\u00e1gio 2018.2"},"content":{"rendered":"\n<p><strong>Defesa de Est\u00e1gio 2018.2<\/strong><\/p>\n\n\n\n<p><strong>Regina de Moura Bernardo<\/strong><\/p>\n\n\n\n<p><strong>T\u00edtulo:&nbsp;<\/strong>An\u00e1lise Microestrutural de Ligas Al-Si-Mg Solidificadas atrav\u00e9s do Processo Squeeze Casting e sua Correla\u00e7\u00e3o com a Microdureza Vickers<\/p>\n\n\n\n<p><strong>Banca:&nbsp;&nbsp;<\/strong>Cl\u00e1udio Alves Siqueira&nbsp;(ORIENTADOR)&nbsp;\/ Antonio Farias Leal<\/p>\n\n\n\n<p><strong>Local<\/strong>:&nbsp;Sala de Reuni\u00f5es do LSR<\/p>\n\n\n\n<p><strong>Data:&nbsp;<\/strong>11\/04 \u00e0s 09:00 hs<\/p>\n\n\n\n<p><strong>Andr\u00e9 Higo Azevedo Silva<\/strong><\/p>\n\n\n\n<p><strong>T\u00edtulo:<\/strong>&nbsp;Aplica\u00e7\u00e3o de Sistemas de Pol\u00edmeros de Glicerol para Libera\u00e7\u00e3o Controlada de Nutrientes Agr\u00edcolas (NPK)<\/p>\n\n\n\n<p><strong>Data:<\/strong>&nbsp;26\/04\/2019<\/p>\n\n\n\n<p><strong>Banca:<\/strong>&nbsp;Prof. Dr. Eliton Souto de Medeiros&nbsp;(Orientador)\/Prof. Dr. Daniel Ara\u00fajo de Macedo<\/p>\n\n\n\n<p><strong>Hor\u00e1rio:<\/strong>&nbsp;14:30 h<\/p>\n\n\n\n<p><strong>Local:<\/strong>&nbsp;LSR<\/p>\n\n\n\n<p><strong>D\u00e9bora Evelyn de Oliveira Almeida<\/strong><\/p>\n\n\n\n<p><strong>T\u00edtulo:<\/strong>&nbsp;Fabrica\u00e7\u00e3o de um molde met\u00e1lico para&nbsp;utiliza\u00e7\u00e3o em processos de solidifica\u00e7\u00e3o sob press\u00e3o.<\/p>\n\n\n\n<p><strong>Data:<\/strong>&nbsp;26\/04\/2019<\/p>\n\n\n\n<p><strong>Banca:<\/strong>&nbsp;Prof. Dr. Ieverton Caiandre Andrade Brito&nbsp;(Orientador)\/Prof. Dr. Danniel Ferreira De Oliveira<\/p>\n\n\n\n<p><strong>Hor\u00e1rio:<\/strong>&nbsp;15:00 h<\/p>\n\n\n\n<p><strong>Local:<\/strong>&nbsp;LSR<\/p>\n\n\n\n<p><strong>Erick Thiago Costa de Andrade<\/strong><\/p>\n\n\n\n<p><strong>T\u00edtulo:<\/strong>&nbsp;Avalia\u00e7\u00e3o da estabilidade t\u00e9rmica e resist\u00eancia ao desgaste de comp\u00f3sitos polim\u00e9ricos refor\u00e7ados com p\u00f3 quasicristalino.<\/p>\n\n\n\n<p><strong>Data:<\/strong>&nbsp;26\/04\/2019<\/p>\n\n\n\n<p><strong>Banca:<\/strong>&nbsp;Prof. Dra. Danielle Guedes de Lima Cavalcante&nbsp;(Orientadora)\/Prof. Dr. Tib\u00e9rio Andrade dos Passos<\/p>\n\n\n\n<p><strong>Hor\u00e1rio:<\/strong>&nbsp;15:30 h<\/p>\n\n\n\n<p><strong>Local:<\/strong>&nbsp;LSR<\/p>\n\n\n\n<p><strong>Willian Lopes Monteiro<\/strong><\/p>\n\n\n\n<p><strong>T\u00edtulo:<\/strong>&nbsp;Influ\u00eancia da solidifica\u00e7\u00e3o Unidirecional na anisotropia El\u00e1stica de Ligas Cu-Al-Be-Cr, com efeito mem\u00f3ria de forma<\/p>\n\n\n\n<p><strong>Data:<\/strong>&nbsp;03\/05\/2019<\/p>\n\n\n\n<p><strong>Banca:<\/strong>&nbsp;Prof. Dr. Danniel Ferreira de Oliveira&nbsp;(Orientador)\/Prof. Dr. Rafael Evaristo Calu\u00eate<\/p>\n\n\n\n<p><strong>Hor\u00e1rio:<\/strong>&nbsp;09:00 h<\/p>\n\n\n\n<p><strong>Local:&nbsp;<\/strong>Sala do PPCEM<\/p>\n\n\n\n<p><strong>Alan Charles Bezerra Silva<\/strong><\/p>\n\n\n\n<p><strong>T\u00edtulo:<\/strong>&nbsp;AVALIA\u00c7\u00c3O DA ESTANQUEIDADE EM TUBULA\u00c7\u00d5ES UNIDAS ATRAV\u00c9S DE LUVA COM MEM\u00d3RIA DE FORMA.<\/p>\n\n\n\n<p><strong>Data:<\/strong>&nbsp;03\/05\/2019<\/p>\n\n\n\n<p><strong>Banca:<\/strong>&nbsp;Prof. Dr. Danniel Ferreira de Oliveira&nbsp;(Orientador)\/Prof. Dra Danielle Guedes de Lima Calvalcante<\/p>\n\n\n\n<p><strong>Hor\u00e1rio:<\/strong>&nbsp;09:30 h<\/p>\n\n\n\n<p><strong>Local:&nbsp;<\/strong>Sala do PPCEM<\/p>\n\n\n\n<p><strong>Thais Fernandes das Chagas<\/strong><\/p>\n\n\n\n<p><strong>T\u00edtulo:<\/strong>&nbsp;Acompanhamento e Aperfei\u00e7oamento do processo produtivo de tubos de PVC da empresa DUTOFORT Ind\u00fastria de Derivados de Pl\u00e1sticos e Com\u00e9rcio Eireli<\/p>\n\n\n\n<p><strong>Data:<\/strong>&nbsp;03\/05\/2019<\/p>\n\n\n\n<p><strong>Banca:<\/strong>&nbsp;Prof. Dra. Fabiana de Carvalho Fim&nbsp;(Orientadora)\/Prof. Dra. Lucineide Balbino da Silva<\/p>\n\n\n\n<p><strong>Hor\u00e1rio:<\/strong>&nbsp;10:00 h<\/p>\n\n\n\n<p><strong>Local:&nbsp;<\/strong>Sala do PPCEM<\/p>\n\n\n\n<p><strong>Camila Gomes Moreno<\/strong><\/p>\n\n\n\n<p><strong>T\u00edtulo:<\/strong>&nbsp;Modifica\u00e7\u00e3o das propriedades mec\u00e2nicas do PP reciclado com adi\u00e7\u00e3o da fibra curta de pia\u00e7ava.<\/p>\n\n\n\n<p><strong>Data:<\/strong>&nbsp;03\/05\/2019<\/p>\n\n\n\n<p><strong>Banca:<\/strong>&nbsp;Prof. Dra. Lucineide Balbino da Silva&nbsp;(Orientadora)\/Prof. Dra. Fabiana de Carvalho Fim<\/p>\n\n\n\n<p><strong>Hor\u00e1rio:<\/strong>&nbsp;10:30 h<\/p>\n\n\n\n<p><strong>Local:&nbsp;<\/strong>Sala do PPCEM<\/p>\n\n\n\n<p><strong>Gessyane Pereira Barbosa<\/strong><\/p>\n\n\n\n<p><strong>T\u00edtulo:<\/strong>&nbsp;Processamento e Caracteriza\u00e7\u00e3o Mec\u00e2nica de comp\u00f3sitos de PP da Ind\u00fastria\/PEAD\/ concha de molusco<\/p>\n\n\n\n<p><strong>Data:<\/strong>&nbsp;03\/05\/2019<\/p>\n\n\n\n<p><strong>Banca:<\/strong>&nbsp;Prof. Dra. Lucineide Balbino da Silva&nbsp;(Orientadora)\/Prof. Dr. Tib\u00e9rio Andrade dos Passos<\/p>\n\n\n\n<p><strong>Hor\u00e1rio:<\/strong>&nbsp;16:00 h<\/p>\n\n\n\n<p><strong>Local:&nbsp;<\/strong><\/p>\n","protected":false},"excerpt":{"rendered":"<p>Defesa de Est\u00e1gio 2018.2 Regina de Moura Bernardo T\u00edtulo:&nbsp;An\u00e1lise Microestrutural de Ligas Al-Si-Mg Solidificadas atrav\u00e9s [&hellip;]<\/p>\n","protected":false},"author":285,"featured_media":138,"comment_status":"open","ping_status":"open","sticky":false,"template":"","format":"standard","meta":{"footnotes":""},"categories":[6],"tags":[],"class_list":["post-155","post","type-post","status-publish","format-standard","has-post-thumbnail","hentry","category-institucional"],"_links":{"self":[{"href":"https:\/\/www.ct.ufpb.br\/cgemat\/wp-json\/wp\/v2\/posts\/155","targetHints":{"allow":["GET"]}}],"collection":[{"href":"https:\/\/www.ct.ufpb.br\/cgemat\/wp-json\/wp\/v2\/posts"}],"about":[{"href":"https:\/\/www.ct.ufpb.br\/cgemat\/wp-json\/wp\/v2\/types\/post"}],"author":[{"embeddable":true,"href":"https:\/\/www.ct.ufpb.br\/cgemat\/wp-json\/wp\/v2\/users\/285"}],"replies":[{"embeddable":true,"href":"https:\/\/www.ct.ufpb.br\/cgemat\/wp-json\/wp\/v2\/comments?post=155"}],"version-history":[{"count":1,"href":"https:\/\/www.ct.ufpb.br\/cgemat\/wp-json\/wp\/v2\/posts\/155\/revisions"}],"predecessor-version":[{"id":156,"href":"https:\/\/www.ct.ufpb.br\/cgemat\/wp-json\/wp\/v2\/posts\/155\/revisions\/156"}],"wp:featuredmedia":[{"embeddable":true,"href":"https:\/\/www.ct.ufpb.br\/cgemat\/wp-json\/wp\/v2\/media\/138"}],"wp:attachment":[{"href":"https:\/\/www.ct.ufpb.br\/cgemat\/wp-json\/wp\/v2\/media?parent=155"}],"wp:term":[{"taxonomy":"category","embeddable":true,"href":"https:\/\/www.ct.ufpb.br\/cgemat\/wp-json\/wp\/v2\/categories?post=155"},{"taxonomy":"post_tag","embeddable":true,"href":"https:\/\/www.ct.ufpb.br\/cgemat\/wp-json\/wp\/v2\/tags?post=155"}],"curies":[{"name":"wp","href":"https:\/\/api.w.org\/{rel}","templated":true}]}}