{"id":135,"date":"2024-01-31T12:34:00","date_gmt":"2024-01-31T15:34:00","guid":{"rendered":"https:\/\/www.ct.ufpb.br\/cgceq\/?p=135"},"modified":"2026-03-23T18:41:49","modified_gmt":"2026-03-23T21:41:49","slug":"programa-moura-de-estagio-2024-1","status":"publish","type":"post","link":"https:\/\/www.ct.ufpb.br\/cgceq\/institucional\/programa-moura-de-estagio-2024-1\/","title":{"rendered":"Programa MOURA de est\u00e1gio 2024.1"},"content":{"rendered":"\n<p>O Grupo Moura estar\u00e1 na UFPB.<\/p>\n\n\n<div class=\"wp-block-image\">\n<figure class=\"aligncenter size-full\"><img loading=\"lazy\" decoding=\"async\" width=\"537\" height=\"453\" src=\"https:\/\/www.ct.ufpb.br\/cgceq\/wp-content\/uploads\/sites\/107\/sites\/406\/2026\/03\/88236041-345d-4b6d-ae6f-5dcc55647b90.jpeg\" alt=\"\" class=\"wp-image-136\" srcset=\"https:\/\/www.ct.ufpb.br\/cgceq\/wp-content\/uploads\/sites\/107\/sites\/406\/2026\/03\/88236041-345d-4b6d-ae6f-5dcc55647b90.jpeg 537w, https:\/\/www.ct.ufpb.br\/cgceq\/wp-content\/uploads\/sites\/107\/sites\/406\/2026\/03\/88236041-345d-4b6d-ae6f-5dcc55647b90-300x253.jpeg 300w\" sizes=\"auto, (max-width: 537px) 100vw, 537px\" \/><\/figure>\n<\/div>\n\n\n<p>A Equipe de Atra\u00e7\u00e3o e Sele\u00e7\u00e3o do Grupo Moura estar\u00e1 presente na sua institui\u00e7\u00e3o de ensino realizando a divulga\u00e7\u00e3o do Programa de Est\u00e1gio mais esperado do ano! Na ocasi\u00e3o, ser\u00e3o realizadas entrevistas com as pessoas interessadas que possuam disponibilidade para est\u00e1gio e que tenha realizado a inscri\u00e7\u00e3o na Plataforma Gupy!&nbsp;<\/p>\n\n\n\n<p><strong><a href=\"http:\/\/plone.ufpb.br\/cceq\/contents\/noticias\/programa-moura-de-estagio-2024.1\/cartaz-visita-ufpb.pdf\">Acesse aqui para maiores informa\u00e7\u00f5es!<\/a><\/strong><\/p>\n\n\n\n<p class=\" \"><strong>Confira abaixo nossa agenda na institui\u00e7\u00e3o:<\/strong><\/p>\n\n\n\n<p class=\" \"><strong>Data: 08\/02\/2024<\/strong><\/p>\n\n\n\n<p class=\" \"><strong>Hor\u00e1rio: 09h<\/strong><\/p>\n\n\n\n<p><strong>Local: Centro de Tecnologia \u2013 CT Audit\u00f3rio Bolo de Noiva<\/strong><\/p>\n","protected":false},"excerpt":{"rendered":"<p>O Grupo Moura estar\u00e1 na UFPB. A Equipe de Atra\u00e7\u00e3o e Sele\u00e7\u00e3o do Grupo Moura [&hellip;]<\/p>\n","protected":false},"author":285,"featured_media":130,"comment_status":"open","ping_status":"open","sticky":false,"template":"","format":"standard","meta":{"footnotes":""},"categories":[6],"tags":[],"class_list":["post-135","post","type-post","status-publish","format-standard","has-post-thumbnail","hentry","category-institucional"],"_links":{"self":[{"href":"https:\/\/www.ct.ufpb.br\/cgceq\/wp-json\/wp\/v2\/posts\/135","targetHints":{"allow":["GET"]}}],"collection":[{"href":"https:\/\/www.ct.ufpb.br\/cgceq\/wp-json\/wp\/v2\/posts"}],"about":[{"href":"https:\/\/www.ct.ufpb.br\/cgceq\/wp-json\/wp\/v2\/types\/post"}],"author":[{"embeddable":true,"href":"https:\/\/www.ct.ufpb.br\/cgceq\/wp-json\/wp\/v2\/users\/285"}],"replies":[{"embeddable":true,"href":"https:\/\/www.ct.ufpb.br\/cgceq\/wp-json\/wp\/v2\/comments?post=135"}],"version-history":[{"count":1,"href":"https:\/\/www.ct.ufpb.br\/cgceq\/wp-json\/wp\/v2\/posts\/135\/revisions"}],"predecessor-version":[{"id":137,"href":"https:\/\/www.ct.ufpb.br\/cgceq\/wp-json\/wp\/v2\/posts\/135\/revisions\/137"}],"wp:featuredmedia":[{"embeddable":true,"href":"https:\/\/www.ct.ufpb.br\/cgceq\/wp-json\/wp\/v2\/media\/130"}],"wp:attachment":[{"href":"https:\/\/www.ct.ufpb.br\/cgceq\/wp-json\/wp\/v2\/media?parent=135"}],"wp:term":[{"taxonomy":"category","embeddable":true,"href":"https:\/\/www.ct.ufpb.br\/cgceq\/wp-json\/wp\/v2\/categories?post=135"},{"taxonomy":"post_tag","embeddable":true,"href":"https:\/\/www.ct.ufpb.br\/cgceq\/wp-json\/wp\/v2\/tags?post=135"}],"curies":[{"name":"wp","href":"https:\/\/api.w.org\/{rel}","templated":true}]}}