{"id":146,"date":"2020-05-28T16:24:00","date_gmt":"2020-05-28T19:24:00","guid":{"rendered":"https:\/\/www.ct.ufpb.br\/cgcea\/?p=146"},"modified":"2026-03-13T20:14:47","modified_gmt":"2026-03-13T23:14:47","slug":"atencao-discentes-2","status":"publish","type":"post","link":"https:\/\/www.ct.ufpb.br\/cgcea\/institucional\/atencao-discentes-2\/","title":{"rendered":"Aten\u00e7\u00e3o discentes!"},"content":{"rendered":"\n<p>Na\u00a0<a href=\"http:\/\/plone.ufpb.br\/ccea\/contents\/noticias\/atencao-discentes\/resolucao_132020_consepe_calendario_suplementar.pdf\">Resolu\u00e7\u00e3o n\u00ba 13 do Consepe\/UFPB<\/a>\u00a0foi definido o\u00a0<strong><a href=\"http:\/\/plone.ufpb.br\/ccea\/contents\/noticias\/atencao-discentes\/CALENDARIOSUPLEMENTAR.jpg\">Calend\u00e1rio Suplementar para a Gradua\u00e7\u00e3o<\/a><\/strong>. Fiquem atentos aos prazos. Lembrem-se que as atividades e componentes acad\u00eamicos ofertados no per\u00edodo suplementar (08\/06\/2020 a 14\/08\/2020)\u00a0<strong>n\u00e3o tem car\u00e1ter obrigat\u00f3rio<\/strong>.\u00a0<\/p>\n\n\n<div class=\"wp-block-image\">\n<figure class=\"aligncenter size-full\"><img loading=\"lazy\" decoding=\"async\" width=\"768\" height=\"484\" src=\"https:\/\/www.ct.ufpb.br\/cgcea\/wp-content\/uploads\/sites\/107\/sites\/401\/2026\/03\/3bcdf036-e8ff-4ea1-b417-ae7015e9f67b.jpeg\" alt=\"\" class=\"wp-image-147\" srcset=\"https:\/\/www.ct.ufpb.br\/cgcea\/wp-content\/uploads\/sites\/107\/sites\/401\/2026\/03\/3bcdf036-e8ff-4ea1-b417-ae7015e9f67b.jpeg 768w, https:\/\/www.ct.ufpb.br\/cgcea\/wp-content\/uploads\/sites\/107\/sites\/401\/2026\/03\/3bcdf036-e8ff-4ea1-b417-ae7015e9f67b-300x189.jpeg 300w\" sizes=\"auto, (max-width: 768px) 100vw, 768px\" \/><\/figure>\n<\/div>","protected":false},"excerpt":{"rendered":"<p>Na\u00a0Resolu\u00e7\u00e3o n\u00ba 13 do Consepe\/UFPB\u00a0foi definido o\u00a0Calend\u00e1rio Suplementar para a Gradua\u00e7\u00e3o. Fiquem atentos aos prazos. [&hellip;]<\/p>\n","protected":false},"author":285,"featured_media":124,"comment_status":"open","ping_status":"open","sticky":false,"template":"","format":"standard","meta":{"footnotes":""},"categories":[6],"tags":[],"class_list":["post-146","post","type-post","status-publish","format-standard","has-post-thumbnail","hentry","category-institucional"],"_links":{"self":[{"href":"https:\/\/www.ct.ufpb.br\/cgcea\/wp-json\/wp\/v2\/posts\/146","targetHints":{"allow":["GET"]}}],"collection":[{"href":"https:\/\/www.ct.ufpb.br\/cgcea\/wp-json\/wp\/v2\/posts"}],"about":[{"href":"https:\/\/www.ct.ufpb.br\/cgcea\/wp-json\/wp\/v2\/types\/post"}],"author":[{"embeddable":true,"href":"https:\/\/www.ct.ufpb.br\/cgcea\/wp-json\/wp\/v2\/users\/285"}],"replies":[{"embeddable":true,"href":"https:\/\/www.ct.ufpb.br\/cgcea\/wp-json\/wp\/v2\/comments?post=146"}],"version-history":[{"count":1,"href":"https:\/\/www.ct.ufpb.br\/cgcea\/wp-json\/wp\/v2\/posts\/146\/revisions"}],"predecessor-version":[{"id":148,"href":"https:\/\/www.ct.ufpb.br\/cgcea\/wp-json\/wp\/v2\/posts\/146\/revisions\/148"}],"wp:featuredmedia":[{"embeddable":true,"href":"https:\/\/www.ct.ufpb.br\/cgcea\/wp-json\/wp\/v2\/media\/124"}],"wp:attachment":[{"href":"https:\/\/www.ct.ufpb.br\/cgcea\/wp-json\/wp\/v2\/media?parent=146"}],"wp:term":[{"taxonomy":"category","embeddable":true,"href":"https:\/\/www.ct.ufpb.br\/cgcea\/wp-json\/wp\/v2\/categories?post=146"},{"taxonomy":"post_tag","embeddable":true,"href":"https:\/\/www.ct.ufpb.br\/cgcea\/wp-json\/wp\/v2\/tags?post=146"}],"curies":[{"name":"wp","href":"https:\/\/api.w.org\/{rel}","templated":true}]}}