{"id":7,"count":1,"description":"","link":"https:\/\/www.ct.ufpb.br\/cgcea\/editais\/acao-de-inclusao\/","name":"A\u00e7\u00e3o de Inclus\u00e3o","slug":"acao-de-inclusao","taxonomy":"edital_type","parent":0,"meta":[],"_links":{"self":[{"href":"https:\/\/www.ct.ufpb.br\/cgcea\/wp-json\/wp\/v2\/edital_type\/7","targetHints":{"allow":["GET"]}}],"collection":[{"href":"https:\/\/www.ct.ufpb.br\/cgcea\/wp-json\/wp\/v2\/edital_type"}],"about":[{"href":"https:\/\/www.ct.ufpb.br\/cgcea\/wp-json\/wp\/v2\/taxonomies\/edital_type"}],"wp:post_type":[{"href":"https:\/\/www.ct.ufpb.br\/cgcea\/wp-json\/wp\/v2\/edital?edital_type=7"}],"curies":[{"name":"wp","href":"https:\/\/api.w.org\/{rel}","templated":true}]}}