{"id":201,"date":"2025-05-12T17:00:00","date_gmt":"2025-05-12T20:00:00","guid":{"rendered":"https:\/\/www.ct.ufpb.br\/ccgec\/?p=201"},"modified":"2026-03-10T13:28:59","modified_gmt":"2026-03-10T16:28:59","slug":"matricula-em-2025-2","status":"publish","type":"post","link":"https:\/\/www.ct.ufpb.br\/ccgec\/institucional\/matricula-em-2025-2\/","title":{"rendered":"Matr\u00edcula em 2025.2"},"content":{"rendered":"\n<p>Aos discentes ingressantes e veteranos do curso de Engenharia Civil.<\/p>\n\n\n\n<p>O per\u00edodo letivo 2025.2 seguir\u00e1 a&nbsp;<a href=\"https:\/\/www.ufpb.br\/aci\/contents\/documentos\/resolucoes\/REGULAMENTOGERALDAGRADUAO292020.pdf\/@@download\/file\/REGULAMENTOGERALDAGRADUAO292020.pdf\" target=\"_blank\" rel=\"noreferrer noopener\">Resolu\u00e7\u00e3o CONSEPE n\u00ba 29\/2020<\/a>&nbsp;e suas altera\u00e7\u00f5es<a href=\"http:\/\/plone.ufpb.br\/documentos\/portarias-e-resulocoes\/Resoluo_05.2022_Consepe.1.pdf\">.<\/a>&nbsp;As aulas ter\u00e3o in\u00edcio em&nbsp;03\/11\/2025 e t\u00e9rmino em 08\/04\/2026, conforme o&nbsp;<a href=\"https:\/\/www.prg.ufpb.br\/prg\/codesc\/documentos\/calendario-academico\/calendario-academico-cursos-presenciais-2025-2-atualizado-em-30-07-2025.pdf\/view\" target=\"_blank\" rel=\"noreferrer noopener\">Calend\u00e1rio Acad\u00eamico.<\/a><\/p>\n\n\n\n<p><strong>MATR\u00cdCULA REGULAR<\/strong>&nbsp;<strong>&#8211; Ingressantes e Veteranos<\/strong><\/p>\n\n\n\n<p class=\" \">De acordo com o referido calend\u00e1rio, as matr\u00edculas ser\u00e3o realizas dos dias 14 a 16\/10\/2025 obedecendo \u00e0s prioridades definidas no Regulamento Geral da Gradua\u00e7\u00e3o.<\/p>\n\n\n\n<p class=\" \"><strong>INGRESSANTES<\/strong><\/p>\n\n\n\n<p class=\" \">A matricula dos ingressantes que confirmaram a matr\u00edcula por e-mail ser\u00e1 feita pela coordena\u00e7\u00e3o de curso, dispensando a necessidade de comparecimento presencial. Ap\u00f3s o processamento das matr\u00edculas, previsto para&nbsp; 20\/10\/2025, a coordena\u00e7\u00e3o enviar\u00e1 o n\u00famero de matr\u00edcula e os procedimentos para cadastro no Sistema Integrado de Gest\u00e3o de Atividades Acad\u00eamicas (SIGAA) por e-mail.<\/p>\n\n\n\n<p class=\" \">Para os ingressantes que solicitaram dispensa de disciplinas, \u00e9 necess\u00e1rio encaminhar os componentes curriculares que desejam se matricular, respeitando os limites m\u00ednimo (19cr) e m\u00e1ximo (47cr) da carga hor\u00e1ria por per\u00edodo, assim como&nbsp; o cumprimento de seus pr\u00e9-requisitos. O envio dever\u00e1 ser feito pelo&nbsp;<strong><a href=\"https:\/\/atendimento.ct.ufpb.br\/index.php?category=22&amp;a=add\" target=\"_blank\" rel=\"noreferrer noopener\">Sistema Eletr\u00f4nico de Atendimento de Solicita\u00e7\u00f5es<\/a><\/strong>, constando o c\u00f3digo da disciplina, o nome, e a turma que deseja se matricular, at\u00e9 o dia 15\/10\/2025. Caso n\u00e3o seja encaminhado, o(a) ingressante ser\u00e1 matriculado(a) em todos as disciplinas do 1\u00ba per\u00edodo.<\/p>\n\n\n\n<p class=\" \"><strong>VETERANOS<\/strong><\/p>\n\n\n\n<p class=\" \">Os alunos veteranos dever\u00e3o realizar suas matr\u00edculas pelo&nbsp;<strong><a href=\"https:\/\/sigaa.ufpb.br\/sigaa\/public\/home.jsf\" target=\"_blank\" rel=\"noreferrer noopener\">SIGAA<\/a><\/strong>, no caminho ENSINO&gt;MATR\u00cdCULA ONLINE&gt;REALIZAR MATR\u00cdCULA e devem obedecer ao limite de n\u00famero m\u00ednimo de cr\u00e9ditos (19 cr\u00e9ditos) e m\u00e1ximo (47 cr\u00e9ditos). Abaixo disponibilizamos um link de como realizar a matr\u00edcula em disciplinas.<\/p>\n\n\n\n<p class=\" \">A lista de turmas ofertadas, com c\u00f3digos, hor\u00e1rios e professores, pode ser consultada na aba ENSINO &gt; CONSULTAR TURMAS no SIGAA, selecionando as op\u00e7\u00f5es &#8220;Ano-per\u00edodo 2025.2&#8221; e &#8220;Ofertadas ao Curso \u2013 Engenharia Civil (Bacharelado)CT &#8211; Jo\u00e3o Pessoa&#8221;. Tamb\u00e9m disponibilizamos um arquivo em nosso site institucional:&nbsp;<a href=\"https:\/\/ct.ufpb.br\/ccec\/contents\/menu\/institucional\/fluxograma-e-componentes\" target=\"_blank\" rel=\"noreferrer noopener\">https:\/\/ct.ufpb.br\/ccec\/contents\/menu\/institucional\/fluxograma-e-componentes<\/a><\/p>\n\n\n\n<p class=\" \">O SIGAA permitir\u00e1 a matr\u00edcula abaixo do m\u00ednimo de cr\u00e9ditos somente em casos em que o discente precise de menos de 285h\/19Cr para se formar no per\u00edodo. Caso se aplique nessa situa\u00e7\u00e3o e ainda n\u00e3o tiver cursado o TCC (GDECV0111) ou Est\u00e1gio Supervisionado Obrigat\u00f3rio (GDECV0110), \u00e9 necess\u00e1rio solicitar \u00e0 Coordena\u00e7\u00e3o a matr\u00edcula nessa(s) atividade(s) antes de se matricular nas demais disciplinas no SIGAA. Da mesma forma, ser\u00e1 exigido o aproveitamento de T\u00f3picos em Engenharia III (1703220), caso ainda n\u00e3o tenha sido realizado.<\/p>\n\n\n\n<p class=\" \">A matr\u00edcula em TCC poder\u00e1 ser solicitada pelo sistema de chamados at\u00e9 o \u00faltimo dia da matr\u00edcula extraordin\u00e1ria,&nbsp;por meio do envio do&nbsp;<a href=\"http:\/\/plone.ufpb.br\/ccec\/contents\/documentos\/tcc-documentos\/IndicaodoOrientadorTCC2020.doc\">formul\u00e1rio de indica\u00e7\u00e3o de orientador de TCC<\/a>, preenchido e assinado. Caso o orientador seja externo ao Departamento de Engenharia Civil e Ambiental (DECA), a matr\u00edcula ser\u00e1 realizada ap\u00f3s a aprova\u00e7\u00e3o do tema pelo Colegiado do Curso.<\/p>\n\n\n\n<p class=\" \">A matr\u00edcula na atividade de Est\u00e1gio Supervisionado ocorrer\u00e1 de forma semelhante ao TCC, por meio do envio do&nbsp;<a href=\"http:\/\/plone.ufpb.br\/ccec\/contents\/documentos\/estagio\/FormulriodeIndicaodeOrientador_Estgio.doc\">formul\u00e1rio de indica\u00e7\u00e3o de orientador de Est\u00e1gio<\/a>. Ambos os formul\u00e1rios est\u00e3o dispon\u00edveis na&nbsp;<a href=\"http:\/\/plone.ufpb.br\/\">p\u00e1gina institucional do curso<\/a>.<\/p>\n\n\n\n<p class=\" \"><img loading=\"lazy\" decoding=\"async\" src=\"http:\/\/plone.ufpb.br\/ccec\/contents\/imagens\/marcadeexclamaonabolhaamareladodiscursovetoradvertnciasinaldaateno123080843.jpg\/@@images\/dcc0129c-e54f-4e6b-8e02-5f400fa00dc9.jpeg\" height=\"25\" width=\"25\" alt=\"\">&nbsp; Destacamos ainda que as disciplinas que comp\u00f5em a grade curricular do curso de gradua\u00e7\u00e3o em Engenharia Civil possuem c\u00f3digos espec\u00edficos. Sendo assim, os discentes devem ter aten\u00e7\u00e3o no ato da matr\u00edcula e realizar a inscri\u00e7\u00e3o apenas nesses componentes observando os respectivos c\u00f3digos. A lista das disciplinas com os c\u00f3digos corretos est\u00e1 dispon\u00edvel no nosso site institucional (<a href=\"https:\/\/ct.ufpb.br\/ccec\/contents\/menu\/institucional\/fluxograma-e-componentes\" target=\"_blank\" rel=\"noreferrer noopener\">http:\/\/ct.ufpb.br\/ccec\/contents\/menu\/institucional\/fluxograma-e-componentes<\/a>).<\/p>\n\n\n\n<p class=\" \"><img loading=\"lazy\" decoding=\"async\" src=\"http:\/\/plone.ufpb.br\/ccec\/contents\/imagens\/1142012111454.jpg\/@@images\/7abc8650-fed5-4983-bc1c-b36b1f2c0131.jpeg\" height=\"31\" width=\"38\" alt=\"\">&nbsp;Ressaltamos que caso o discente passe dois per\u00edodos letivos regulares sem realizar matr\u00edcula, poder\u00e1 ser desligado do curso.<\/p>\n\n\n\n<p><strong>REMATR\u00cdCULA<\/strong><\/p>\n\n\n\n<p>A fase de rematr\u00edcula ser\u00e1 entre 21 e 23\/10\/2025. Logo, os discentes precisam conferir, antes disso, se obtiveram sucesso na matr\u00edcula nas turmas solicitadas. Aqueles que ap\u00f3s o processamento da matr\u00edcula ficaram de fora das vagas, poder\u00e3o solicitar rematr\u00edcula em outras turmas em que ainda hajam vagas, conforme interesse. Caso seja uma turma \u00fanica, o aluno pode solicitar matr\u00edcula na mesma turma, mesmo que n\u00e3o haja vagas, para que a Coordena\u00e7\u00e3o e o Departamento possam avaliar a abertura de vagas extras, caso a caso. Nesta fase, as prioridades tamb\u00e9m s\u00e3o seguidas.<\/p>\n\n\n\n<p><strong>MATR\u00cdCULA EXTRAORDIN\u00c1RIA<\/strong><\/p>\n\n\n\n<p class=\" \">&nbsp;A matr\u00edcula extraordin\u00e1ria ocorrer\u00e1 nos dias 29 e 30\/10\/2025. Nesta etapa, os discentes poder\u00e3o se matricular \u201cpor ordem de chegada\u201d nas vagas remanescentes, inclusive em disciplinas de outros cursos, com a possibilidade de serem aproveitadas como&nbsp;<a href=\"http:\/\/plone.ufpb.br\/paginas\/optativas-de-livre-escolha\">optativas de livre escolha.<\/a><\/p>\n\n\n\n<p><strong>TRANCAMENTO<\/strong><\/p>\n\n\n\n<p>O trancamento parcial e total de disciplinas ser\u00e1 de 19 a 24\/02\/2026.<\/p>\n\n\n\n<p>Ressaltamos que \u00e9 necess\u00e1rio estar matriculado em componentes curriculares para solicitar o trancamento de programa (total do per\u00edodo), conforme previsto na Resolu\u00e7\u00e3o da Gradua\u00e7\u00e3o.<\/p>\n\n\n\n<p><strong>OBSERVA\u00c7\u00d5ES E OUTRAS INFORMA\u00c7\u00d5ES<\/strong><\/p>\n\n\n\n<p class=\" \">Lembramos ainda que n\u00e3o estamos atendendo por e-mail, e que todas as solicita\u00e7\u00f5es remotas direcionadas \u00e0 Coordena\u00e7\u00e3o de Engenharia Civil dever\u00e3o ser feitas, exclusivamente, via&nbsp;<strong><a href=\"https:\/\/atendimento.ct.ufpb.br\/index.php?category=22&amp;a=add\" target=\"_blank\" rel=\"noreferrer noopener\">Sistema Eletr\u00f4nico de Atendimento de Solicita\u00e7\u00f5es<\/a><\/strong>&nbsp;(Sistema de chamados).&nbsp;<\/p>\n\n\n\n<p>Abaixo disponibilizamos mais algumas informa\u00e7\u00f5es gerais:<\/p>\n\n\n\n<ul class=\"wp-block-list\">\n<li>Como realizar a matr\u00edcula on-line:\u00a0<a href=\"https:\/\/conhecimento.sti.ufpb.br\/books\/matriculas\/page\/realizar-solicitacao-de-matricula\" target=\"_blank\" rel=\"noreferrer noopener\">https:\/\/conhecimento.sti.ufpb.br\/books\/matriculas\/page\/realizar-solicitacao-de-matricula<\/a><\/li>\n\n\n\n<li>Site institucional da coordena\u00e7\u00e3o de eng. civil:\u00a0<a href=\"http:\/\/plone.ufpb.br\/\">http:\/\/ct.ufpb.br\/ccec<\/a><\/li>\n\n\n\n<li>Atendimento (sistema de chamados):\u00a0<a href=\"https:\/\/atendimento.ct.ufpb.br\/index.php?category=22&amp;a=add\" target=\"_blank\" rel=\"noreferrer noopener\">https:\/\/atendimento.ct.ufpb.br\/index.php?category=22&amp;a=add<\/a><\/li>\n\n\n\n<li>Fluxograma e hor\u00e1rio das disciplinas:\u00a0<a href=\"https:\/\/ct.ufpb.br\/ccec\/contents\/menu\/institucional\/fluxograma-e-componentes\" target=\"_blank\" rel=\"noreferrer noopener\">http:\/\/ct.ufpb.br\/ccec\/contents\/menu\/institucional\/fluxograma-e-componentes<\/a><a href=\"http:\/\/plone.ufpb.br\/menu\/institucional\/fluxograma-e-componentes\"><\/a><\/li>\n\n\n\n<li>Calend\u00e1rio acad\u00eamico:\u00a0<a href=\"https:\/\/www.prg.ufpb.br\/prg\/codesc\/documentos\/calendario-academico\/\" target=\"_blank\" rel=\"noreferrer noopener\">https:\/\/www.prg.ufpb.br\/prg\/codesc\/documentos\/calendario-academico\/<\/a><\/li>\n\n\n\n<li>Calend\u00e1rio\u00a0administrativo:\u00a0<a href=\"https:\/\/www.prg.ufpb.br\/prg\/codesc\/documentos\/calendario-administrativo\" target=\"_blank\" rel=\"noreferrer noopener\">https:\/\/www.prg.ufpb.br\/prg\/codesc\/documentos\/calendario-administrativo<\/a><\/li>\n\n\n\n<li>Orienta\u00e7\u00e3o de como realizar o autocadastro:\u00a0<a href=\"https:\/\/conhecimento.sti.ufpb.br\/books\/acesso-aos-sistemas-sig-manual\/page\/manual-de-acesso-ao-sigaa-discente\" target=\"_blank\" rel=\"noreferrer noopener\">https:\/\/conhecimento.sti.ufpb.br\/books\/acesso-aos-sistemas-sig-manual\/page\/manual-de-acesso-ao-sigaa-discente<\/a><\/li>\n\n\n\n<li>Manual do estudante:\u00a0<a href=\"https:\/\/www.prg.ufpb.br\/prg\/contents\/paginas\/manual-do-aluno\" target=\"_blank\" rel=\"noreferrer noopener\">https:\/\/www.prg.ufpb.br\/prg\/contents\/paginas\/manual-do-aluno<\/a><\/li>\n\n\n\n<li>Resolu\u00e7\u00e3o da Gradua\u00e7\u00e3o:\u00a0<a href=\"http:\/\/plone.ufpb.br\/documentos\/portarias-e-resulocoes\/RESOLUCAO_29_2020.pdf\">http:\/\/ct.ufpb.br\/ccec\/contents\/documentos\/portarias-e-resulocoes\/RESOLUCAO_29_2020.pdf<\/a><\/li>\n<\/ul>\n\n\n\n<p>Em caso de d\u00favidas, estamos \u00e0 disposi\u00e7\u00e3o.<br>Coordena\u00e7\u00e3o de Engenharia Civil\/UFPB<\/p>\n","protected":false},"excerpt":{"rendered":"<p>Aos discentes ingressantes e veteranos do curso de Engenharia Civil. O per\u00edodo letivo 2025.2 seguir\u00e1 [&hellip;]<\/p>\n","protected":false},"author":285,"featured_media":199,"comment_status":"open","ping_status":"open","sticky":false,"template":"","format":"standard","meta":{"footnotes":""},"categories":[7],"tags":[],"class_list":["post-201","post","type-post","status-publish","format-standard","has-post-thumbnail","hentry","category-institucional"],"_links":{"self":[{"href":"https:\/\/www.ct.ufpb.br\/ccgec\/wp-json\/wp\/v2\/posts\/201","targetHints":{"allow":["GET"]}}],"collection":[{"href":"https:\/\/www.ct.ufpb.br\/ccgec\/wp-json\/wp\/v2\/posts"}],"about":[{"href":"https:\/\/www.ct.ufpb.br\/ccgec\/wp-json\/wp\/v2\/types\/post"}],"author":[{"embeddable":true,"href":"https:\/\/www.ct.ufpb.br\/ccgec\/wp-json\/wp\/v2\/users\/285"}],"replies":[{"embeddable":true,"href":"https:\/\/www.ct.ufpb.br\/ccgec\/wp-json\/wp\/v2\/comments?post=201"}],"version-history":[{"count":1,"href":"https:\/\/www.ct.ufpb.br\/ccgec\/wp-json\/wp\/v2\/posts\/201\/revisions"}],"predecessor-version":[{"id":202,"href":"https:\/\/www.ct.ufpb.br\/ccgec\/wp-json\/wp\/v2\/posts\/201\/revisions\/202"}],"wp:featuredmedia":[{"embeddable":true,"href":"https:\/\/www.ct.ufpb.br\/ccgec\/wp-json\/wp\/v2\/media\/199"}],"wp:attachment":[{"href":"https:\/\/www.ct.ufpb.br\/ccgec\/wp-json\/wp\/v2\/media?parent=201"}],"wp:term":[{"taxonomy":"category","embeddable":true,"href":"https:\/\/www.ct.ufpb.br\/ccgec\/wp-json\/wp\/v2\/categories?post=201"},{"taxonomy":"post_tag","embeddable":true,"href":"https:\/\/www.ct.ufpb.br\/ccgec\/wp-json\/wp\/v2\/tags?post=201"}],"curies":[{"name":"wp","href":"https:\/\/api.w.org\/{rel}","templated":true}]}}